{"id":17216,"date":"2017-04-10T19:30:55","date_gmt":"2017-04-10T22:30:55","guid":{"rendered":"https:\/\/eldiariodesanpedro.com.ar\/sitio\/?p=17216"},"modified":"2017-04-10T20:04:39","modified_gmt":"2017-04-10T23:04:39","slug":"con-representantes-de-san-pedro-patricia-bullrich-presento-los-jovenes-de-su-partido-en-san-nicolas","status":"publish","type":"post","link":"https:\/\/eldiariodesanpedro.com.ar\/sitio\/con-representantes-de-san-pedro-patricia-bullrich-presento-los-jovenes-de-su-partido-en-san-nicolas\/","title":{"rendered":"Con representantes de San Pedro, Patricia Bullrich presento los j\u00f3venes de su partido en San Nicolas"},"content":{"rendered":"<p><!-- VideographyWP Plugin Message: Automatic video embedding prevented by plugin options. --><br \/>\nEl pasado domingo se realizo en la vecina ciudad de San Nicol\u00e1s un encuentro del partido Uni\u00f3n por la Libertad liderada por Patricia Bulrich y quienes de nuestra ciudad como representantes estuvieron Alejandro S\u00e1nchez presidente de UPL en San Pedro y Diego Lafalce secretario de la segunda secci\u00f3n del mismo espacio. Ademas tambi\u00e9n estuvieron representantes como por ejemplo Guillermo yanco presidente de CABA, Luis Green presidente UPL Provincia de Buenos Aires, etc.<\/p>\n<p>\u201cNos estamos extendiendo y tenemos muchos j\u00f3venes que quieren crecer en espacios legislativos. Tienen claro el rumbo y van sin miedo\u201d, puntualiz\u00f3 en clara referencia al lugar que su partido buscar\u00e1 ocupar en las pr\u00f3ximas elecciones. <\/p>\n<p>Durante la jornada, que se desarroll\u00f3 en San Nicol\u00e1s, la ministra destac\u00f3 que \u00abUni\u00f3n por la Libertad es una buena parte de Cambiemos, y estamos desde antes de su fundaci\u00f3n, cuando form\u00e1bamos Uni\u00f3n Pro. Somos una buena parte en dos sentidos; porque somos muchos y porque somos un equipo sano que no se va a achicar ante los cambios que hay que hacer\u00bb.<\/p>\n<p>Cabe destacar que el espacio de Bullrich integra la Juventud Cambiemos y fue ratificado el mes pasado en el encuentro de Cambiemos llevado a cabo en Pilar para fortalecer sus pasos en la Provincia y la continuidad de la alianza entre el PRO, la Uni\u00f3n C\u00edvica Radical, la Coalici\u00f3n C\u00edvica y el partido Fe, impulsaron el lanzamiento de la Mesa de la Juventud de Cambiemos.<\/p>\n<p>Ya en el primer a\u00f1o de gesti\u00f3n del cuarteto partidario se debi\u00f3 echar mano a un racimo de medidas para que la paz y la armon\u00eda sean la principal expresi\u00f3n del oficialismo. <\/p>\n<p>Por ello, una de las iniciativas del Gobierno fue impulsar la mesa provincial de Cambiemos y luego avanzar en armados menores en los distritos bonaerenses, para aceitar el v\u00ednculo interno. Pero, al parecer, los militantes de Bullrich a\u00fan no tienen lugar <\/p>\n","protected":false},"excerpt":{"rendered":"<p>El pasado domingo se realizo en la vecina ciudad de San Nicol\u00e1s un encuentro del partido Uni\u00f3n por la Libertad liderada por Patricia Bulrich y quienes de nuestra ciudad como representantes estuvieron Alejandro S\u00e1nchez presidente de UPL en San Pedro y Diego Lafalce secretario de la segunda secci\u00f3n del mismo espacio. Ademas tambi\u00e9n estuvieron representantes [&hellip;]<\/p>\n","protected":false},"author":4,"featured_media":17219,"comment_status":"open","ping_status":"closed","sticky":false,"template":"","format":"standard","meta":{"om_disable_all_campaigns":false,"_jetpack_memberships_contains_paid_content":false,"footnotes":""},"categories":[2,102,621],"tags":[],"class_list":["post-17216","post","type-post","status-publish","format-standard","has-post-thumbnail","hentry","category-locales","category-politica-locales","category-regionales"],"aioseo_notices":[],"gutentor_comment":0,"jetpack_featured_media_url":"https:\/\/eldiariodesanpedro.com.ar\/sitio\/wp-content\/uploads\/2017\/04\/Diego-Lafalce.jpg","jetpack_shortlink":"https:\/\/wp.me\/p6RhLt-4tG","jetpack_sharing_enabled":true,"_links":{"self":[{"href":"https:\/\/eldiariodesanpedro.com.ar\/sitio\/wp-json\/wp\/v2\/posts\/17216","targetHints":{"allow":["GET"]}}],"collection":[{"href":"https:\/\/eldiariodesanpedro.com.ar\/sitio\/wp-json\/wp\/v2\/posts"}],"about":[{"href":"https:\/\/eldiariodesanpedro.com.ar\/sitio\/wp-json\/wp\/v2\/types\/post"}],"author":[{"embeddable":true,"href":"https:\/\/eldiariodesanpedro.com.ar\/sitio\/wp-json\/wp\/v2\/users\/4"}],"replies":[{"embeddable":true,"href":"https:\/\/eldiariodesanpedro.com.ar\/sitio\/wp-json\/wp\/v2\/comments?post=17216"}],"version-history":[{"count":3,"href":"https:\/\/eldiariodesanpedro.com.ar\/sitio\/wp-json\/wp\/v2\/posts\/17216\/revisions"}],"predecessor-version":[{"id":17230,"href":"https:\/\/eldiariodesanpedro.com.ar\/sitio\/wp-json\/wp\/v2\/posts\/17216\/revisions\/17230"}],"wp:featuredmedia":[{"embeddable":true,"href":"https:\/\/eldiariodesanpedro.com.ar\/sitio\/wp-json\/wp\/v2\/media\/17219"}],"wp:attachment":[{"href":"https:\/\/eldiariodesanpedro.com.ar\/sitio\/wp-json\/wp\/v2\/media?parent=17216"}],"wp:term":[{"taxonomy":"category","embeddable":true,"href":"https:\/\/eldiariodesanpedro.com.ar\/sitio\/wp-json\/wp\/v2\/categories?post=17216"},{"taxonomy":"post_tag","embeddable":true,"href":"https:\/\/eldiariodesanpedro.com.ar\/sitio\/wp-json\/wp\/v2\/tags?post=17216"}],"curies":[{"name":"wp","href":"https:\/\/api.w.org\/{rel}","templated":true}]}}