{"id":17213,"date":"2017-04-10T19:11:40","date_gmt":"2017-04-10T22:11:40","guid":{"rendered":"https:\/\/eldiariodesanpedro.com.ar\/sitio\/?p=17213"},"modified":"2017-04-10T19:11:40","modified_gmt":"2017-04-10T22:11:40","slug":"en-tandil-la-sociedad-rural-de-san-pedro-en-un-encuentro-sobre-seguridad-rural","status":"publish","type":"post","link":"https:\/\/eldiariodesanpedro.com.ar\/sitio\/en-tandil-la-sociedad-rural-de-san-pedro-en-un-encuentro-sobre-seguridad-rural\/","title":{"rendered":"EN TANDIL: La Sociedad Rural de San Pedro en un encuentro sobre seguridad rural"},"content":{"rendered":"<p><!-- VideographyWP Plugin Message: Automatic video embedding prevented by plugin options. --><br \/>\n  La Entidad local estuvo presente en una reuni\u00f3n convocada en la Sociedad Rural de Tandil este viernes 7 de abril, en la que participaron representantes de todos los sectores que trabajan en conjunto buscando enfrentar el abigeato y las diferentes modalidades de robo que sufren los productores.<\/p>\n<p>  El encuentro denominado \u201cDelitos Cometidos en \u00c1mbitos Rurales &#8211; Experiencias de Investigaci\u00f3n\u201d, fue organizado por la Secretar\u00eda de Pol\u00edtica Criminal, Coordinaci\u00f3n Fiscal e Instrucci\u00f3n Penal, la Procuraci\u00f3n de la Suprema Corte de la Provincia de Buenos Aires y CARBAP.<\/p>\n<p>  A lo largo del mismo, se desarrollaron diferentes paneles y debates contando entre otros, con la participaci\u00f3n del Procurador General de la Suprema Corte Dr. Julio Conte Grand, los jefes de todos los departamentos judiciales de la Provincia de Buenos Aires y la Superintendencia de Delitos Rurales.<\/p>\n<p>  El punto central del encuentro fue la instalaci\u00f3n de Fiscal\u00edas Tem\u00e1ticas Agropecuarias que es desde hace un tiempo pedido por los sectores afectados por esta situaci\u00f3n. En este sentido se dieron pasos importantes hacia la concreci\u00f3n de esta iniciativa. Adem\u00e1s, se analiz\u00f3 el panorama actual del delito y se plantearon propuestas para encontrar posibles soluciones que ser\u00e1n objeto de pr\u00f3ximos encuentros. En representaci\u00f3n de la Sociedad Rural de San Pedro concurri\u00f3 el presidente Ra\u00fal Victores.<\/p>\n","protected":false},"excerpt":{"rendered":"<p>La Entidad local estuvo presente en una reuni\u00f3n convocada en la Sociedad Rural de Tandil este viernes 7 de abril, en la que participaron representantes de todos los sectores que trabajan en conjunto buscando enfrentar el abigeato y las diferentes modalidades de robo que sufren los productores. El encuentro denominado \u201cDelitos Cometidos en \u00c1mbitos Rurales [&hellip;]<\/p>\n","protected":false},"author":4,"featured_media":17214,"comment_status":"open","ping_status":"closed","sticky":false,"template":"","format":"standard","meta":{"om_disable_all_campaigns":false,"_jetpack_memberships_contains_paid_content":false,"footnotes":""},"categories":[101,2],"tags":[],"class_list":["post-17213","post","type-post","status-publish","format-standard","has-post-thumbnail","hentry","category-interes-general-locales","category-locales"],"aioseo_notices":[],"gutentor_comment":0,"jetpack_featured_media_url":"https:\/\/eldiariodesanpedro.com.ar\/sitio\/wp-content\/uploads\/2017\/04\/logo-sociedad-rural-san-pedro.jpg","jetpack_shortlink":"https:\/\/wp.me\/p6RhLt-4tD","jetpack_sharing_enabled":true,"_links":{"self":[{"href":"https:\/\/eldiariodesanpedro.com.ar\/sitio\/wp-json\/wp\/v2\/posts\/17213","targetHints":{"allow":["GET"]}}],"collection":[{"href":"https:\/\/eldiariodesanpedro.com.ar\/sitio\/wp-json\/wp\/v2\/posts"}],"about":[{"href":"https:\/\/eldiariodesanpedro.com.ar\/sitio\/wp-json\/wp\/v2\/types\/post"}],"author":[{"embeddable":true,"href":"https:\/\/eldiariodesanpedro.com.ar\/sitio\/wp-json\/wp\/v2\/users\/4"}],"replies":[{"embeddable":true,"href":"https:\/\/eldiariodesanpedro.com.ar\/sitio\/wp-json\/wp\/v2\/comments?post=17213"}],"version-history":[{"count":1,"href":"https:\/\/eldiariodesanpedro.com.ar\/sitio\/wp-json\/wp\/v2\/posts\/17213\/revisions"}],"predecessor-version":[{"id":17215,"href":"https:\/\/eldiariodesanpedro.com.ar\/sitio\/wp-json\/wp\/v2\/posts\/17213\/revisions\/17215"}],"wp:featuredmedia":[{"embeddable":true,"href":"https:\/\/eldiariodesanpedro.com.ar\/sitio\/wp-json\/wp\/v2\/media\/17214"}],"wp:attachment":[{"href":"https:\/\/eldiariodesanpedro.com.ar\/sitio\/wp-json\/wp\/v2\/media?parent=17213"}],"wp:term":[{"taxonomy":"category","embeddable":true,"href":"https:\/\/eldiariodesanpedro.com.ar\/sitio\/wp-json\/wp\/v2\/categories?post=17213"},{"taxonomy":"post_tag","embeddable":true,"href":"https:\/\/eldiariodesanpedro.com.ar\/sitio\/wp-json\/wp\/v2\/tags?post=17213"}],"curies":[{"name":"wp","href":"https:\/\/api.w.org\/{rel}","templated":true}]}}