{"id":17209,"date":"2017-04-10T19:06:30","date_gmt":"2017-04-10T22:06:30","guid":{"rendered":"https:\/\/eldiariodesanpedro.com.ar\/sitio\/?p=17209"},"modified":"2017-04-10T19:06:30","modified_gmt":"2017-04-10T22:06:30","slug":"aprehenden-a-dos-delincuentes-con-frondosos-antecedentes-que-intentaban-robar-un-comercio-centrico","status":"publish","type":"post","link":"https:\/\/eldiariodesanpedro.com.ar\/sitio\/aprehenden-a-dos-delincuentes-con-frondosos-antecedentes-que-intentaban-robar-un-comercio-centrico\/","title":{"rendered":"Aprehenden a dos delincuentes con frondosos antecedentes que intentaban robar un comercio c\u00e9ntrico"},"content":{"rendered":"<p><!-- VideographyWP Plugin Message: Automatic video embedding prevented by plugin options. --><br \/>\n  El domingo a la madrugada, efectivos policiales lograron evitar el robo al local comercial localizado en Boulevard Moreno al 70. El sistema de alarmas del comercio alert\u00f3 a los vecinos que avisaron a la Polic\u00eda. Inmediatamente personal policial se dirigi\u00f3 al lugar y mediante un procedimiento fueron aprehendidos dos delincuentes, oriundos de San Nicol\u00e1s, ambos con frondosos antecedentes penales.  Los delincuentes hab\u00edan intentado ingresar al lugar violentando el techo y aberturas.<\/p>\n<p>  Adem\u00e1s, fueron secuestrados en su poder distintos elementos para delinquir.<\/p>\n<p>  La UFI N\u00ba5 caratul\u00f3 la causa como \u201cTentativa de Robo Agravado por Escalamiento y Aprehensi\u00f3n\u201d.<\/p>\n","protected":false},"excerpt":{"rendered":"<p>El domingo a la madrugada, efectivos policiales lograron evitar el robo al local comercial localizado en Boulevard Moreno al 70. El sistema de alarmas del comercio alert\u00f3 a los vecinos que avisaron a la Polic\u00eda. Inmediatamente personal policial se dirigi\u00f3 al lugar y mediante un procedimiento fueron aprehendidos dos delincuentes, oriundos de San Nicol\u00e1s, ambos [&hellip;]<\/p>\n","protected":false},"author":4,"featured_media":17210,"comment_status":"open","ping_status":"closed","sticky":false,"template":"","format":"standard","meta":{"om_disable_all_campaigns":false,"_jetpack_memberships_contains_paid_content":false,"footnotes":""},"categories":[2,103],"tags":[],"class_list":["post-17209","post","type-post","status-publish","format-standard","has-post-thumbnail","hentry","category-locales","category-policiales-locales"],"aioseo_notices":[],"gutentor_comment":0,"jetpack_featured_media_url":"https:\/\/eldiariodesanpedro.com.ar\/sitio\/wp-content\/uploads\/2017\/04\/detenido.jpg","jetpack_shortlink":"https:\/\/wp.me\/p6RhLt-4tz","jetpack_sharing_enabled":true,"_links":{"self":[{"href":"https:\/\/eldiariodesanpedro.com.ar\/sitio\/wp-json\/wp\/v2\/posts\/17209","targetHints":{"allow":["GET"]}}],"collection":[{"href":"https:\/\/eldiariodesanpedro.com.ar\/sitio\/wp-json\/wp\/v2\/posts"}],"about":[{"href":"https:\/\/eldiariodesanpedro.com.ar\/sitio\/wp-json\/wp\/v2\/types\/post"}],"author":[{"embeddable":true,"href":"https:\/\/eldiariodesanpedro.com.ar\/sitio\/wp-json\/wp\/v2\/users\/4"}],"replies":[{"embeddable":true,"href":"https:\/\/eldiariodesanpedro.com.ar\/sitio\/wp-json\/wp\/v2\/comments?post=17209"}],"version-history":[{"count":1,"href":"https:\/\/eldiariodesanpedro.com.ar\/sitio\/wp-json\/wp\/v2\/posts\/17209\/revisions"}],"predecessor-version":[{"id":17212,"href":"https:\/\/eldiariodesanpedro.com.ar\/sitio\/wp-json\/wp\/v2\/posts\/17209\/revisions\/17212"}],"wp:featuredmedia":[{"embeddable":true,"href":"https:\/\/eldiariodesanpedro.com.ar\/sitio\/wp-json\/wp\/v2\/media\/17210"}],"wp:attachment":[{"href":"https:\/\/eldiariodesanpedro.com.ar\/sitio\/wp-json\/wp\/v2\/media?parent=17209"}],"wp:term":[{"taxonomy":"category","embeddable":true,"href":"https:\/\/eldiariodesanpedro.com.ar\/sitio\/wp-json\/wp\/v2\/categories?post=17209"},{"taxonomy":"post_tag","embeddable":true,"href":"https:\/\/eldiariodesanpedro.com.ar\/sitio\/wp-json\/wp\/v2\/tags?post=17209"}],"curies":[{"name":"wp","href":"https:\/\/api.w.org\/{rel}","templated":true}]}}