{"id":17207,"date":"2017-04-10T19:05:10","date_gmt":"2017-04-10T22:05:10","guid":{"rendered":"https:\/\/eldiariodesanpedro.com.ar\/sitio\/?p=17207"},"modified":"2017-04-10T19:05:10","modified_gmt":"2017-04-10T22:05:10","slug":"recuperan-una-moto-robada-la-semana-pasada","status":"publish","type":"post","link":"https:\/\/eldiariodesanpedro.com.ar\/sitio\/recuperan-una-moto-robada-la-semana-pasada\/","title":{"rendered":"Recuperan una moto robada la semana pasada"},"content":{"rendered":"<p><!-- VideographyWP Plugin Message: Automatic video embedding prevented by plugin options. --><br \/>\n  El s\u00e1bado en horas de la tarde, personal de la Comisar\u00eda dio con el rodado que hab\u00eda sido abandonado en un descampado, ubicado en Noseda y Ruta Provincial 1001.<\/p>\n<p>  En ese bald\u00edo se logr\u00f3 hallar una moto Honda XR 150, la cual hab\u00eda sido sustra\u00edda d\u00edas atr\u00e1s de una vivienda localizada en calle Basavilbaso.<\/p>\n<p>  La Polic\u00eda procedi\u00f3 a su secuestro. La causa se encuentra a disposici\u00f3n de la UFI N\u00b05.<\/p>\n","protected":false},"excerpt":{"rendered":"<p>El s\u00e1bado en horas de la tarde, personal de la Comisar\u00eda dio con el rodado que hab\u00eda sido abandonado en un descampado, ubicado en Noseda y Ruta Provincial 1001. En ese bald\u00edo se logr\u00f3 hallar una moto Honda XR 150, la cual hab\u00eda sido sustra\u00edda d\u00edas atr\u00e1s de una vivienda localizada en calle Basavilbaso. La [&hellip;]<\/p>\n","protected":false},"author":4,"featured_media":16167,"comment_status":"open","ping_status":"closed","sticky":false,"template":"","format":"standard","meta":{"om_disable_all_campaigns":false,"_jetpack_memberships_contains_paid_content":false,"footnotes":""},"categories":[2,103],"tags":[],"class_list":["post-17207","post","type-post","status-publish","format-standard","has-post-thumbnail","hentry","category-locales","category-policiales-locales"],"aioseo_notices":[],"gutentor_comment":0,"jetpack_featured_media_url":"https:\/\/eldiariodesanpedro.com.ar\/sitio\/wp-content\/uploads\/2017\/03\/camioneta-policia-e1496177955798.jpg","jetpack_shortlink":"https:\/\/wp.me\/p6RhLt-4tx","jetpack_sharing_enabled":true,"_links":{"self":[{"href":"https:\/\/eldiariodesanpedro.com.ar\/sitio\/wp-json\/wp\/v2\/posts\/17207","targetHints":{"allow":["GET"]}}],"collection":[{"href":"https:\/\/eldiariodesanpedro.com.ar\/sitio\/wp-json\/wp\/v2\/posts"}],"about":[{"href":"https:\/\/eldiariodesanpedro.com.ar\/sitio\/wp-json\/wp\/v2\/types\/post"}],"author":[{"embeddable":true,"href":"https:\/\/eldiariodesanpedro.com.ar\/sitio\/wp-json\/wp\/v2\/users\/4"}],"replies":[{"embeddable":true,"href":"https:\/\/eldiariodesanpedro.com.ar\/sitio\/wp-json\/wp\/v2\/comments?post=17207"}],"version-history":[{"count":1,"href":"https:\/\/eldiariodesanpedro.com.ar\/sitio\/wp-json\/wp\/v2\/posts\/17207\/revisions"}],"predecessor-version":[{"id":17211,"href":"https:\/\/eldiariodesanpedro.com.ar\/sitio\/wp-json\/wp\/v2\/posts\/17207\/revisions\/17211"}],"wp:featuredmedia":[{"embeddable":true,"href":"https:\/\/eldiariodesanpedro.com.ar\/sitio\/wp-json\/wp\/v2\/media\/16167"}],"wp:attachment":[{"href":"https:\/\/eldiariodesanpedro.com.ar\/sitio\/wp-json\/wp\/v2\/media?parent=17207"}],"wp:term":[{"taxonomy":"category","embeddable":true,"href":"https:\/\/eldiariodesanpedro.com.ar\/sitio\/wp-json\/wp\/v2\/categories?post=17207"},{"taxonomy":"post_tag","embeddable":true,"href":"https:\/\/eldiariodesanpedro.com.ar\/sitio\/wp-json\/wp\/v2\/tags?post=17207"}],"curies":[{"name":"wp","href":"https:\/\/api.w.org\/{rel}","templated":true}]}}