{"id":17206,"date":"2017-04-10T19:02:21","date_gmt":"2017-04-10T22:02:21","guid":{"rendered":"https:\/\/eldiariodesanpedro.com.ar\/sitio\/?p=17206"},"modified":"2017-04-10T19:02:21","modified_gmt":"2017-04-10T22:02:21","slug":"accidente-en-ruta-9-una-mujer-con-politraumatismos-fue-derivada-al-hospita","status":"publish","type":"post","link":"https:\/\/eldiariodesanpedro.com.ar\/sitio\/accidente-en-ruta-9-una-mujer-con-politraumatismos-fue-derivada-al-hospita\/","title":{"rendered":"Accidente en Ruta 9: Una mujer con politraumatismos fue derivada al Hospita"},"content":{"rendered":"<p><!-- VideographyWP Plugin Message: Automatic video embedding prevented by plugin options. --><br \/>\nPor la tarde en el Km. 169 del carril Rosario \u2013 Buenos Aires de la RN 9, una camioneta Citro\u00ebn Berlingo impact\u00f3 a un Gol Trend por detr\u00e1s, por causas que se tratan de establecer. <\/p>\n<p>  Ambos veh\u00edculos proven\u00edan de la ciudad de Rosario, dirigi\u00e9ndose a Capital Federal y a Jos\u00e9 C. Paz. Aparentemente, el autom\u00f3vil Gol habr\u00eda disminuido su velocidad abruptamente, lo que habr\u00eda provocado que la camioneta Citro\u00ebn no pudiera frenar a tiempo para evitar la colisi\u00f3n.<\/p>\n<p>  Como consecuencia de ello, una mujer mayor de edad fue derivada por una ambulancia del CEM al Hospital local con politraumatismos.<\/p>\n","protected":false},"excerpt":{"rendered":"<p>Por la tarde en el Km. 169 del carril Rosario \u2013 Buenos Aires de la RN 9, una camioneta Citro\u00ebn Berlingo impact\u00f3 a un Gol Trend por detr\u00e1s, por causas que se tratan de establecer. Ambos veh\u00edculos proven\u00edan de la ciudad de Rosario, dirigi\u00e9ndose a Capital Federal y a Jos\u00e9 C. Paz. Aparentemente, el autom\u00f3vil [&hellip;]<\/p>\n","protected":false},"author":4,"featured_media":10265,"comment_status":"open","ping_status":"closed","sticky":false,"template":"","format":"standard","meta":{"om_disable_all_campaigns":false,"_jetpack_memberships_contains_paid_content":false,"footnotes":""},"categories":[2,103],"tags":[],"class_list":["post-17206","post","type-post","status-publish","format-standard","has-post-thumbnail","hentry","category-locales","category-policiales-locales"],"aioseo_notices":[],"gutentor_comment":0,"jetpack_featured_media_url":"https:\/\/eldiariodesanpedro.com.ar\/sitio\/wp-content\/uploads\/2016\/11\/hospital-san-pedro.jpg","jetpack_shortlink":"https:\/\/wp.me\/p6RhLt-4tw","jetpack_sharing_enabled":true,"_links":{"self":[{"href":"https:\/\/eldiariodesanpedro.com.ar\/sitio\/wp-json\/wp\/v2\/posts\/17206","targetHints":{"allow":["GET"]}}],"collection":[{"href":"https:\/\/eldiariodesanpedro.com.ar\/sitio\/wp-json\/wp\/v2\/posts"}],"about":[{"href":"https:\/\/eldiariodesanpedro.com.ar\/sitio\/wp-json\/wp\/v2\/types\/post"}],"author":[{"embeddable":true,"href":"https:\/\/eldiariodesanpedro.com.ar\/sitio\/wp-json\/wp\/v2\/users\/4"}],"replies":[{"embeddable":true,"href":"https:\/\/eldiariodesanpedro.com.ar\/sitio\/wp-json\/wp\/v2\/comments?post=17206"}],"version-history":[{"count":1,"href":"https:\/\/eldiariodesanpedro.com.ar\/sitio\/wp-json\/wp\/v2\/posts\/17206\/revisions"}],"predecessor-version":[{"id":17208,"href":"https:\/\/eldiariodesanpedro.com.ar\/sitio\/wp-json\/wp\/v2\/posts\/17206\/revisions\/17208"}],"wp:featuredmedia":[{"embeddable":true,"href":"https:\/\/eldiariodesanpedro.com.ar\/sitio\/wp-json\/wp\/v2\/media\/10265"}],"wp:attachment":[{"href":"https:\/\/eldiariodesanpedro.com.ar\/sitio\/wp-json\/wp\/v2\/media?parent=17206"}],"wp:term":[{"taxonomy":"category","embeddable":true,"href":"https:\/\/eldiariodesanpedro.com.ar\/sitio\/wp-json\/wp\/v2\/categories?post=17206"},{"taxonomy":"post_tag","embeddable":true,"href":"https:\/\/eldiariodesanpedro.com.ar\/sitio\/wp-json\/wp\/v2\/tags?post=17206"}],"curies":[{"name":"wp","href":"https:\/\/api.w.org\/{rel}","templated":true}]}}