{"id":17202,"date":"2017-04-10T18:19:52","date_gmt":"2017-04-10T21:19:52","guid":{"rendered":"https:\/\/eldiariodesanpedro.com.ar\/sitio\/?p=17202"},"modified":"2017-04-10T18:19:52","modified_gmt":"2017-04-10T21:19:52","slug":"paro-nacional-docente-de-24-horas-para-manana-en-contra-de-la-represion","status":"publish","type":"post","link":"https:\/\/eldiariodesanpedro.com.ar\/sitio\/paro-nacional-docente-de-24-horas-para-manana-en-contra-de-la-represion\/","title":{"rendered":"Paro Nacional Docente de 24 horas para ma\u00f1ana en contra de la represi\u00f3n"},"content":{"rendered":"<p><!-- VideographyWP Plugin Message: Automatic video embedding prevented by plugin options. --><br \/>\nEn conferencia de prensa, Sonia Alesso (Ctera), confirm\u00f3 que este martes se realizar\u00e1 una nueva medida de fuerza, tras el desalojo de los maestros que quisieron instalar una carpa blanca frente al Congreso<\/p>\n<p>El conflicto docente sigue sin soluci\u00f3n. Y la relaci\u00f3n entre los gremios y el gobierno nacional parece haber empeorado luego de que la polic\u00eda desalojara a un grupo de maestros que quiso instalar ayer una carpa frente al Congreso. El resultado fue el anuncio de un paro general de los maestros.<\/p>\n<p>As\u00ed lo anunci\u00f3 Sonia Alesso, del gremio Ctera, en una conferencia de prensa. \u201cNo vamos a permitir que se toque a un maestro, es un l\u00edmite \u00e9tico\u201d, se\u00f1al\u00f3. Como medida de fuerza, adem\u00e1s, se realizar\u00e1 hoy un abrazo simb\u00f3lico a la \u201cescuela itinerante\u201d y reclamar\u00e1n que el Gobierno de la Ciudad de Buenos Aires permita su instalaci\u00f3n.<\/p>\n<p>\u201cHan corrido r\u00edos de tinta desde que el conflicto comenz\u00f3, dici\u00e9ndonos que ten\u00edamos que ser creativos, otra forma de protesta. Ayer dimos nuestra mejor clase, armando una escuela itinerante, destinada a recoger los debates pedag\u00f3gicos, las leyes que hemos construido\u201d, agreg\u00f3.<\/p>\n<p>Alesso, por otro lado, explic\u00f3 que ayer se hab\u00edan presentado todos los papeles para instalar la carpa blanca, y que hoy se volvieron a enviar a las autoridades del Ministerio de Ambiente y Espacio P\u00fablico.<\/p>\n<p>Por su lado, el vicejefe del Gobierno porte\u00f1o, Diego Santilli, argument\u00f3 hoy que el accionar de la Polic\u00eda en el desalojo de sindicalistas docentes en la Plaza Congreso fue de \u201cmanera defensiva\u201d, porque \u201cun grupo min\u00fasculo empez\u00f3 a generar un hecho de violencia\u201d.<\/p>\n<p>El funcionario confirm\u00f3 que \u201cno hab\u00eda solicitud de permiso formal\u201d para armar la estructura de la denominada \u201cescuela itinerante\u201d. \u201cAyer se estaba dialogando para que hoy concurrieran al Ministerio de Espacio P\u00fablico a hacer la presentaci\u00f3n formal como corresponde en la instalaci\u00f3n de una estructura met\u00e1lica. Se estudian las presentaciones y los papeles, y va a ser otorgado, pero hay que hacer las cosas como corresponde, hay que hacer las cosas bien\u201d, remarc\u00f3 Santilli en radio La Red.<\/p>\n<p>(Infobae)<\/p>\n","protected":false},"excerpt":{"rendered":"<p>En conferencia de prensa, Sonia Alesso (Ctera), confirm\u00f3 que este martes se realizar\u00e1 una nueva medida de fuerza, tras el desalojo de los maestros que quisieron instalar una carpa blanca frente al Congreso El conflicto docente sigue sin soluci\u00f3n. Y la relaci\u00f3n entre los gremios y el gobierno nacional parece haber empeorado luego de que [&hellip;]<\/p>\n","protected":false},"author":4,"featured_media":17203,"comment_status":"open","ping_status":"closed","sticky":false,"template":"","format":"standard","meta":{"om_disable_all_campaigns":false,"_jetpack_memberships_contains_paid_content":false,"footnotes":""},"categories":[2],"tags":[],"class_list":["post-17202","post","type-post","status-publish","format-standard","has-post-thumbnail","hentry","category-locales"],"aioseo_notices":[],"gutentor_comment":0,"jetpack_featured_media_url":"https:\/\/eldiariodesanpedro.com.ar\/sitio\/wp-content\/uploads\/2017\/04\/Paro-docente.jpg","jetpack_shortlink":"https:\/\/wp.me\/p6RhLt-4ts","jetpack_sharing_enabled":true,"_links":{"self":[{"href":"https:\/\/eldiariodesanpedro.com.ar\/sitio\/wp-json\/wp\/v2\/posts\/17202","targetHints":{"allow":["GET"]}}],"collection":[{"href":"https:\/\/eldiariodesanpedro.com.ar\/sitio\/wp-json\/wp\/v2\/posts"}],"about":[{"href":"https:\/\/eldiariodesanpedro.com.ar\/sitio\/wp-json\/wp\/v2\/types\/post"}],"author":[{"embeddable":true,"href":"https:\/\/eldiariodesanpedro.com.ar\/sitio\/wp-json\/wp\/v2\/users\/4"}],"replies":[{"embeddable":true,"href":"https:\/\/eldiariodesanpedro.com.ar\/sitio\/wp-json\/wp\/v2\/comments?post=17202"}],"version-history":[{"count":1,"href":"https:\/\/eldiariodesanpedro.com.ar\/sitio\/wp-json\/wp\/v2\/posts\/17202\/revisions"}],"predecessor-version":[{"id":17204,"href":"https:\/\/eldiariodesanpedro.com.ar\/sitio\/wp-json\/wp\/v2\/posts\/17202\/revisions\/17204"}],"wp:featuredmedia":[{"embeddable":true,"href":"https:\/\/eldiariodesanpedro.com.ar\/sitio\/wp-json\/wp\/v2\/media\/17203"}],"wp:attachment":[{"href":"https:\/\/eldiariodesanpedro.com.ar\/sitio\/wp-json\/wp\/v2\/media?parent=17202"}],"wp:term":[{"taxonomy":"category","embeddable":true,"href":"https:\/\/eldiariodesanpedro.com.ar\/sitio\/wp-json\/wp\/v2\/categories?post=17202"},{"taxonomy":"post_tag","embeddable":true,"href":"https:\/\/eldiariodesanpedro.com.ar\/sitio\/wp-json\/wp\/v2\/tags?post=17202"}],"curies":[{"name":"wp","href":"https:\/\/api.w.org\/{rel}","templated":true}]}}