{"id":17198,"date":"2017-04-10T18:02:25","date_gmt":"2017-04-10T21:02:25","guid":{"rendered":"https:\/\/eldiariodesanpedro.com.ar\/sitio\/?p=17198"},"modified":"2017-04-10T18:07:35","modified_gmt":"2017-04-10T21:07:35","slug":"aprehenden-un-hombre-que-portaba-un-arma-tumbera-y-cartuchos-calibre-16","status":"publish","type":"post","link":"https:\/\/eldiariodesanpedro.com.ar\/sitio\/aprehenden-un-hombre-que-portaba-un-arma-tumbera-y-cartuchos-calibre-16\/","title":{"rendered":"Aprehenden un hombre que portaba un arma tumbera y cartuchos calibre 16"},"content":{"rendered":"<p><!-- VideographyWP Plugin Message: Automatic video embedding prevented by plugin options. --><br \/>\nEn el d\u00eda de hoy en  la plaza Martin Fierro ubicada en calle de Simonino y 25 de Mayo, se intercepto a un hombre de 57 a\u00f1os para averiguaci\u00f3n de antecedentes, se le secuestro en su poder un arma fabricaci\u00f3n cacera (tumbera) con un cartucho colocado cal 16 y 3 cartuchos en bolso. <\/p>\n<p>Esta persona fue aprehendida y trasladada a la comisaria local, toma intervenci\u00f3n UFI N\u00ba 5.<\/p>\n","protected":false},"excerpt":{"rendered":"<p>En el d\u00eda de hoy en la plaza Martin Fierro ubicada en calle de Simonino y 25 de Mayo, se intercepto a un hombre de 57 a\u00f1os para averiguaci\u00f3n de antecedentes, se le secuestro en su poder un arma fabricaci\u00f3n cacera (tumbera) con un cartucho colocado cal 16 y 3 cartuchos en bolso. Esta persona [&hellip;]<\/p>\n","protected":false},"author":4,"featured_media":17199,"comment_status":"open","ping_status":"closed","sticky":false,"template":"","format":"standard","meta":{"om_disable_all_campaigns":false,"_jetpack_memberships_contains_paid_content":false,"footnotes":""},"categories":[50,2,103],"tags":[],"class_list":["post-17198","post","type-post","status-publish","format-standard","has-post-thumbnail","hentry","category-destacadas","category-locales","category-policiales-locales"],"aioseo_notices":[],"gutentor_comment":0,"jetpack_featured_media_url":"https:\/\/eldiariodesanpedro.com.ar\/sitio\/wp-content\/uploads\/2017\/04\/tumbera.jpg","jetpack_shortlink":"https:\/\/wp.me\/p6RhLt-4to","jetpack_sharing_enabled":true,"_links":{"self":[{"href":"https:\/\/eldiariodesanpedro.com.ar\/sitio\/wp-json\/wp\/v2\/posts\/17198","targetHints":{"allow":["GET"]}}],"collection":[{"href":"https:\/\/eldiariodesanpedro.com.ar\/sitio\/wp-json\/wp\/v2\/posts"}],"about":[{"href":"https:\/\/eldiariodesanpedro.com.ar\/sitio\/wp-json\/wp\/v2\/types\/post"}],"author":[{"embeddable":true,"href":"https:\/\/eldiariodesanpedro.com.ar\/sitio\/wp-json\/wp\/v2\/users\/4"}],"replies":[{"embeddable":true,"href":"https:\/\/eldiariodesanpedro.com.ar\/sitio\/wp-json\/wp\/v2\/comments?post=17198"}],"version-history":[{"count":2,"href":"https:\/\/eldiariodesanpedro.com.ar\/sitio\/wp-json\/wp\/v2\/posts\/17198\/revisions"}],"predecessor-version":[{"id":17201,"href":"https:\/\/eldiariodesanpedro.com.ar\/sitio\/wp-json\/wp\/v2\/posts\/17198\/revisions\/17201"}],"wp:featuredmedia":[{"embeddable":true,"href":"https:\/\/eldiariodesanpedro.com.ar\/sitio\/wp-json\/wp\/v2\/media\/17199"}],"wp:attachment":[{"href":"https:\/\/eldiariodesanpedro.com.ar\/sitio\/wp-json\/wp\/v2\/media?parent=17198"}],"wp:term":[{"taxonomy":"category","embeddable":true,"href":"https:\/\/eldiariodesanpedro.com.ar\/sitio\/wp-json\/wp\/v2\/categories?post=17198"},{"taxonomy":"post_tag","embeddable":true,"href":"https:\/\/eldiariodesanpedro.com.ar\/sitio\/wp-json\/wp\/v2\/tags?post=17198"}],"curies":[{"name":"wp","href":"https:\/\/api.w.org\/{rel}","templated":true}]}}