{"id":17195,"date":"2017-04-10T12:35:04","date_gmt":"2017-04-10T15:35:04","guid":{"rendered":"https:\/\/eldiariodesanpedro.com.ar\/sitio\/?p=17195"},"modified":"2017-04-10T12:35:04","modified_gmt":"2017-04-10T15:35:04","slug":"informacion-del-el-museo-paleontologico","status":"publish","type":"post","link":"https:\/\/eldiariodesanpedro.com.ar\/sitio\/informacion-del-el-museo-paleontologico\/","title":{"rendered":"Informaci\u00f3n del El Museo Paleontol\u00f3gico"},"content":{"rendered":"<p><!-- VideographyWP Plugin Message: Automatic video embedding prevented by plugin options. --><br \/>\nBibliograf\u00eda naval para el Museo<br \/>\nEl Museo Paleontol\u00f3gico agradece al Capit\u00e1n de Nav\u00edo de la Armada Argentina Dn.Rodolfo Claudio NEUSS por su valiosa donaci\u00f3n de material bibliogr\u00e1fico (libros hist\u00f3ricos y del bicentenario, diccionarios y revistas), junto a dos im\u00e1genes de las fragatas ARA Sant\u00edsima Trinidad y ARA Libertad. Como siempre, excelente predisposici\u00f3n de los oficiales de la Armada con el equipo del Museo.<br \/>\nLos libros estar\u00e1n a disposici\u00f3n para aquellos que deseen consultarlos. <\/p>\n<p>Reconocimiento de la Fundaci\u00f3n Museo de La Plata<br \/>\nDesde la entidad sampedrina se agradece a las autoridades de la Fundaci\u00f3n Museo de la Plata por el reconocimiento a la labor en las Ciencias Naturales que recibir\u00e1 el Museo de San Pedro, el pr\u00f3ximo 20 de abril.<br \/>\nEl Grupo Conservacionista de F\u00f3siles desea dedicarlo a todos los sampedrinos, visitantes, colegios, autoridades y cient\u00edficos que siempre han acompa\u00f1ado la labor de la instituci\u00f3n.<\/p>\n","protected":false},"excerpt":{"rendered":"<p>Bibliograf\u00eda naval para el Museo El Museo Paleontol\u00f3gico agradece al Capit\u00e1n de Nav\u00edo de la Armada Argentina Dn.Rodolfo Claudio NEUSS por su valiosa donaci\u00f3n de material bibliogr\u00e1fico (libros hist\u00f3ricos y del bicentenario, diccionarios y revistas), junto a dos im\u00e1genes de las fragatas ARA Sant\u00edsima Trinidad y ARA Libertad. Como siempre, excelente predisposici\u00f3n de los oficiales [&hellip;]<\/p>\n","protected":false},"author":4,"featured_media":17196,"comment_status":"open","ping_status":"closed","sticky":false,"template":"","format":"standard","meta":{"om_disable_all_campaigns":false,"_jetpack_memberships_contains_paid_content":false,"footnotes":""},"categories":[101,2],"tags":[],"class_list":["post-17195","post","type-post","status-publish","format-standard","has-post-thumbnail","hentry","category-interes-general-locales","category-locales"],"aioseo_notices":[],"gutentor_comment":0,"jetpack_featured_media_url":"https:\/\/eldiariodesanpedro.com.ar\/sitio\/wp-content\/uploads\/2017\/04\/ARA-LIBERTAD.jpg","jetpack_shortlink":"https:\/\/wp.me\/p6RhLt-4tl","jetpack_sharing_enabled":true,"_links":{"self":[{"href":"https:\/\/eldiariodesanpedro.com.ar\/sitio\/wp-json\/wp\/v2\/posts\/17195","targetHints":{"allow":["GET"]}}],"collection":[{"href":"https:\/\/eldiariodesanpedro.com.ar\/sitio\/wp-json\/wp\/v2\/posts"}],"about":[{"href":"https:\/\/eldiariodesanpedro.com.ar\/sitio\/wp-json\/wp\/v2\/types\/post"}],"author":[{"embeddable":true,"href":"https:\/\/eldiariodesanpedro.com.ar\/sitio\/wp-json\/wp\/v2\/users\/4"}],"replies":[{"embeddable":true,"href":"https:\/\/eldiariodesanpedro.com.ar\/sitio\/wp-json\/wp\/v2\/comments?post=17195"}],"version-history":[{"count":1,"href":"https:\/\/eldiariodesanpedro.com.ar\/sitio\/wp-json\/wp\/v2\/posts\/17195\/revisions"}],"predecessor-version":[{"id":17197,"href":"https:\/\/eldiariodesanpedro.com.ar\/sitio\/wp-json\/wp\/v2\/posts\/17195\/revisions\/17197"}],"wp:featuredmedia":[{"embeddable":true,"href":"https:\/\/eldiariodesanpedro.com.ar\/sitio\/wp-json\/wp\/v2\/media\/17196"}],"wp:attachment":[{"href":"https:\/\/eldiariodesanpedro.com.ar\/sitio\/wp-json\/wp\/v2\/media?parent=17195"}],"wp:term":[{"taxonomy":"category","embeddable":true,"href":"https:\/\/eldiariodesanpedro.com.ar\/sitio\/wp-json\/wp\/v2\/categories?post=17195"},{"taxonomy":"post_tag","embeddable":true,"href":"https:\/\/eldiariodesanpedro.com.ar\/sitio\/wp-json\/wp\/v2\/tags?post=17195"}],"curies":[{"name":"wp","href":"https:\/\/api.w.org\/{rel}","templated":true}]}}