{"id":17192,"date":"2017-04-09T20:49:52","date_gmt":"2017-04-09T23:49:52","guid":{"rendered":"https:\/\/eldiariodesanpedro.com.ar\/sitio\/?p=17192"},"modified":"2026-01-24T00:26:44","modified_gmt":"2026-01-24T03:26:44","slug":"futbol-y-ciclismo-todo-postergado","status":"publish","type":"post","link":"https:\/\/eldiariodesanpedro.com.ar\/sitio\/futbol-y-ciclismo-todo-postergado\/","title":{"rendered":"F\u00daTBOL Y CICLISMO: Todo postergado"},"content":{"rendered":"<p><!-- VideographyWP Plugin Message: Automatic video embedding prevented by plugin options. --><br \/>\n  Luego de la lluvia ca\u00edda durante el fin de semana en la zona, la Liga Infantil de F\u00fatbol, la Liga Deportiva Sampedrina y Pro-Ciclismo San Pedro; resolvieron suspender la programaci\u00f3n prevista para los d\u00edas s\u00e1bado y domingo. En el caso de la liga mayor, su presidente Hugo Cejas, nos inform\u00f3 que es intenci\u00f3n de jugar doble fecha entre viernes y domingo, lo que ser\u00e1 evaluado esta noche en la sesi\u00f3n semanal.<\/p>\n","protected":false},"excerpt":{"rendered":"<p>Luego de la lluvia ca\u00edda durante el fin de semana en la zona, la Liga Infantil de F\u00fatbol, la Liga Deportiva Sampedrina y Pro-Ciclismo San Pedro; resolvieron suspender la programaci\u00f3n prevista para los d\u00edas s\u00e1bado y domingo. En el caso de la liga mayor, su presidente Hugo Cejas, nos inform\u00f3 que es intenci\u00f3n de jugar [&hellip;]<\/p>\n","protected":false},"author":4,"featured_media":9187,"comment_status":"open","ping_status":"closed","sticky":false,"template":"","format":"standard","meta":{"om_disable_all_campaigns":false,"_jetpack_memberships_contains_paid_content":false,"footnotes":""},"categories":[5],"tags":[],"class_list":["post-17192","post","type-post","status-publish","format-standard","has-post-thumbnail","hentry","category-deportes"],"aioseo_notices":[],"gutentor_comment":0,"jetpack_featured_media_url":"https:\/\/eldiariodesanpedro.com.ar\/sitio\/wp-content\/uploads\/2016\/10\/cesped-pelota-futbol.jpg","jetpack_shortlink":"https:\/\/wp.me\/p6RhLt-4ti","jetpack_sharing_enabled":true,"_links":{"self":[{"href":"https:\/\/eldiariodesanpedro.com.ar\/sitio\/wp-json\/wp\/v2\/posts\/17192","targetHints":{"allow":["GET"]}}],"collection":[{"href":"https:\/\/eldiariodesanpedro.com.ar\/sitio\/wp-json\/wp\/v2\/posts"}],"about":[{"href":"https:\/\/eldiariodesanpedro.com.ar\/sitio\/wp-json\/wp\/v2\/types\/post"}],"author":[{"embeddable":true,"href":"https:\/\/eldiariodesanpedro.com.ar\/sitio\/wp-json\/wp\/v2\/users\/4"}],"replies":[{"embeddable":true,"href":"https:\/\/eldiariodesanpedro.com.ar\/sitio\/wp-json\/wp\/v2\/comments?post=17192"}],"version-history":[{"count":1,"href":"https:\/\/eldiariodesanpedro.com.ar\/sitio\/wp-json\/wp\/v2\/posts\/17192\/revisions"}],"predecessor-version":[{"id":17194,"href":"https:\/\/eldiariodesanpedro.com.ar\/sitio\/wp-json\/wp\/v2\/posts\/17192\/revisions\/17194"}],"wp:featuredmedia":[{"embeddable":true,"href":"https:\/\/eldiariodesanpedro.com.ar\/sitio\/wp-json\/wp\/v2\/media\/9187"}],"wp:attachment":[{"href":"https:\/\/eldiariodesanpedro.com.ar\/sitio\/wp-json\/wp\/v2\/media?parent=17192"}],"wp:term":[{"taxonomy":"category","embeddable":true,"href":"https:\/\/eldiariodesanpedro.com.ar\/sitio\/wp-json\/wp\/v2\/categories?post=17192"},{"taxonomy":"post_tag","embeddable":true,"href":"https:\/\/eldiariodesanpedro.com.ar\/sitio\/wp-json\/wp\/v2\/tags?post=17192"}],"curies":[{"name":"wp","href":"https:\/\/api.w.org\/{rel}","templated":true}]}}