{"id":17187,"date":"2017-04-09T20:47:26","date_gmt":"2017-04-09T23:47:26","guid":{"rendered":"https:\/\/eldiariodesanpedro.com.ar\/sitio\/?p=17187"},"modified":"2026-01-24T00:26:44","modified_gmt":"2026-01-24T03:26:44","slug":"canotaje-180-palistas-fueron-parte-de-la-jose-deluchi-que-organizo-pescadores-san-pedro","status":"publish","type":"post","link":"https:\/\/eldiariodesanpedro.com.ar\/sitio\/canotaje-180-palistas-fueron-parte-de-la-jose-deluchi-que-organizo-pescadores-san-pedro\/","title":{"rendered":"CANOTAJE: 180 palistas fueron parte de la \u201cJos\u00e9 Deluchi\u201d que organiz\u00f3 Pescadores San Pedro"},"content":{"rendered":"<p><!-- VideographyWP Plugin Message: Automatic video embedding prevented by plugin options. --><br \/>\n  La regata organizada por el Club Pescadores y N\u00e1utica San Pedro logr\u00f3, a pesar de lo amenazante del clima en toda la zona, reunir una gran cantidad de inscriptos en las categor\u00edas mayores y promocionales; quienes no llevaron adelante la prueba \u201cVuelta de Obligado-San Pedro\u201d, siendo la misma en el riacho (por razones de seguridad, seg\u00fan disposici\u00f3n de Prefectura Naval Argentina) y con un recorrido de 12km en total, con salida y llegada al club organizador (la boya para pegar la vuelta estaba a la altura de \u2018Cantando en el r\u00edo\u2019). Estuvo presente el \u201cnegro\u201d Jos\u00e9 Delucchi (la prueba lleva su denominaci\u00f3n), el entrenador del bote campe\u00f3n argentino de nuestra ciudad y del club Pescadores, que a mediados de los a\u00f1os ochenta se consagr\u00f3 y dio el empuje a un deporte que, con el correr de los a\u00f1os, logr\u00f3 posicionarse a nivel internacional. A\u00fan hoy, con deportistas de lujo en San Pedro. Lucas Contreras, gran campe\u00f3n y representante argentino en innumerables ocasiones en los a\u00f1os ochenta y principio de los a\u00f1os noventa, radicado en Espa\u00f1a y de vacaciones en San Pedro, tambi\u00e9n particip\u00f3 de la competencia.<br \/>\n  La subcomisi\u00f3n de Canotaje agradece a quienes colaboraron de la prueba, a la firma Agua-soda Ivess, Ignacio Ber\u00f3n Seguros y Municipalidad de San Pedro, a directivos, empleados, amigos y medios de comunicaci\u00f3n por su difusi\u00f3n.<\/p>\n<p>  <strong>Los ganadores y sampedrinos en el podio:<\/strong><\/p>\n<p><strong>Clubes participantes<\/strong><\/p>\n<p>San Fernando (CSF)<br \/>\nRegatas La Marina (CRLM)<br \/>\nN\u00e1utico Hacoaj (CNH)<br \/>\nN\u00e1utico San Pedro (CNSP)<br \/>\nCanotieri Italiano (CCI)<br \/>\nBuenos Aires Rowing Club (BARC)<br \/>\nEscuela Canotaje Las Canaletas (ECLC)<br \/>\nEl Ribere\u00f1o (ER)<br \/>\nPescadores y N\u00e1utica san Pedro (CPYNSP)<\/p>\n<p><strong>Resultados<\/strong><\/p>\n<p><em>Categor\u00edas Mayores<\/em><\/p>\n<p>K2 Senior Varones<br \/>\nPrueba 1<br \/>\n1- Kevin Schvarztman-Manuel Casella (CNH)<br \/>\nK2 Senior Varones<br \/>\n P2<br \/>\n1- Gabriel Ve lasco-Joaqu\u00edn Alonso (CCI)<\/p>\n<p>K2 Cadete Varones<br \/>\nP3<br \/>\n1- Valent\u00edn Rossi-Lisandro Butti (CNSP)<\/p>\n<p>K2 Master A Varones<br \/>\nP4<br \/>\n1- Juli\u00e1n Solotar-Pablo Suaya (CNH)<br \/>\n2- Lucas Contreras-Alberto Cafferata (CNSP)<\/p>\n<p>K2 Senior Damas<br \/>\nP6<br \/>\n1- Luciana Solimano-Rosario Ruiz (CRLM)<\/p>\n<p>K 2 Junior Damas<br \/>\nP7<br \/>\n1- Abigail Rojas-Julieta Garavani (CRLM)<\/p>\n<p>K1 Senior Varones<br \/>\nP8<br \/>\n1- Ferm\u00edn Feijo (CCI)<\/p>\n<p>K1 Junior Varones<br \/>\nP9<br \/>\n1- Mat\u00edas Navarro Pe\u00f1a (CRLM)<br \/>\n3-Agust\u00edn Magliotti (CNSP)<\/p>\n<p>K1 Cadetes Varones<br \/>\nP10<br \/>\n1- Santiago Segovia (CSF)<\/p>\n<p>K1 Master Varones<br \/>\nP11<br \/>\nMaster A<br \/>\n1- Juan Mansbach<br \/>\nMaster B<br \/>\n1- Bruno Shyferman<br \/>\nMaster C<br \/>\n1- Gustavo Rol\u00f3n<br \/>\nMaster D<br \/>\n1- Sergio Crescio (CRLM)<br \/>\n3-Marcelo Feijo (CNSP)<\/p>\n<p>K1 Junior Damas<br \/>\nP12<br \/>\n1- Victoria Ricagno (CRLM)<\/p>\n<p>430<br \/>\nP13<br \/>\n1- Miguel Oviedo (ECLC)<br \/>\n3-Rodolfo Altolaguirre (CPNSP)<\/p>\n<p>Las categor\u00edas promocionales participaron de diferentes pruebas en la d\u00e1rsena, quienes fueron seguidos por una gran concurrencia de familiares y amigos, quienes desde la costa llevaron su aliento a los deportistas.  <\/p>\n<p><strong>Categor\u00eda Promocionales<\/strong><\/p>\n<p><em>Clubes participantes<\/em><\/p>\n<p>San Fernando (CSF)<br \/>\nRegatas La Marina (CRLM)<br \/>\nN\u00e1utico Hacoaj (CNH)<br \/>\nN\u00e1utico San Pedro (CNSP)<br \/>\nCanotieri Italiano (CCI)<br \/>\nBuenos Aires Rowing Club (BARC)<br \/>\nRegatas Baradero (CRB)<br \/>\nEscuela Canotaje Las Canaletas (ECLC)<br \/>\n Pescadores y N\u00e1utica San Pedro (CPYNSP)<\/p>\n<p><strong>Resultados<\/strong><\/p>\n<p>K1 Pre-Infantil varones<br \/>\nP14<br \/>\n1- Salvador Laurino (CNSP)<br \/>\n2- Mat\u00edas Schvartzberg (CNH)<br \/>\n3- Bruno Salvatierra (CPYNSP)<\/p>\n<p> 430 Pre-Infantil varones<br \/>\nP15<br \/>\n1- Mat\u00edas Ciaponi (CRB)<br \/>\n2- Nicol\u00e1s Sair (CNH)<br \/>\n3- Gonzalo Bon (CPYNSP)<\/p>\n<p>430 Pre-Infantil Damas<br \/>\nP16<br \/>\n1- Mar\u00eda Juliana Garea (CRB)<br \/>\n2- Emilia Lavernicocca (CRLM)<br \/>\n3- Mora Pulido (CRLM)<\/p>\n<p>K1 Infantil varones<br \/>\nP17<br \/>\n1- Nicol\u00e1s Virkel (CRB)<br \/>\n2- Ariel Kaminker (CNH)<br \/>\n3- Alvaro Novo (CNSP)<br \/>\n17- Mart\u00edn P\u00e9rez (CPYNSP)<br \/>\n18- Uriel Centuri\u00f3n (CPYNSP)<br \/>\n19- Fausto Olmos (CPYNSP)<br \/>\n24- Vladimir Ostoich (CPYNSP)<br \/>\nN\/C Leonel Branchini (CPYNSP)<br \/>\nN\/C Jon\u00e1s Escobar (CPYNSP)<\/p>\n<p>K1 Infantil damas<br \/>\nP18<br \/>\n1- Martina Velasco (CCI)<br \/>\n2- Bernardita Almada (CNSP)<\/p>\n<p>430 Infantil varones<br \/>\nP19<br \/>\n1- Ramiro Suaiya (CNH)<br \/>\nParacanotaje<br \/>\n1- Tom\u00e1s Bertet (CNSP)<\/p>\n<p>K1 Menores varones<br \/>\nP20<br \/>\n1- Gianluca Misic (CSF)<br \/>\n2- Thom\u00e1s Araldi (CPYNSP)<\/p>\n<p>K1 Menores Damas<br \/>\nP21<br \/>\n1- Luc\u00eda Oviedo (ECLC)<\/p>\n<p>430 Menores Varones<br \/>\nP22<br \/>\n1- Juan Tardieu (BARC)<\/p>\n<p>K1 Promocional Varones<br \/>\nP23<br \/>\nJunior<br \/>\n1- Braian Dom\u00ednguez (CNSP)<br \/>\nCadetes<br \/>\n1- Lucas Garc\u00eda (CPYNSP)<br \/>\n2- Mateo Porta (CNSP)<\/p>\n<p>Senior<br \/>\n1- Javier Palacios (CRB)<br \/>\n2- 2- Santiago Cordara (CPYNSP)<\/p>\n<p>K1 Promocional damas<br \/>\nP24<br \/>\n1- Valentina Lavernicocca<br \/>\n2- Eugenia Rol\u00f3n (CNSP)<\/p>\n<p>K2 Pre-Infantil varones<br \/>\nP25<br \/>\n1- Samuel Mignone-Salvador Laurino (CNSP)<\/p>\n<p>K2 Infantiles<br \/>\nP26<br \/>\nDamas<br \/>\n1- Martina Velasco-B\u00e1rbara Dettin (CCI)<br \/>\n3- B. Almada-J. Lafalce (CNSP)<\/p>\n<p>Varones<br \/>\n1- Nicol\u00e1s Virkel-Ariel Kaminker (CRB)<br \/>\n2- A. Novo-Pedro Crespo (CNSP)<br \/>\n3- Ian Stunik-R. Dolan (CRB)<br \/>\n5- V. Ostoich-F. Olmos (CPYNSP)<br \/>\n10- U. Centuri\u00f3n-M. P\u00e9rez (CPYNSP)<\/p>\n<p>K2 Menores<br \/>\nP27<br \/>\n1- T. Montesanto-G. Misic (CSF)<\/p>\n<p><a href=\"https:\/\/eldiariodesanpedro.com.ar\/sitio\/wp-content\/uploads\/2017\/04\/Gran-cantidad-de-p\u00fablico-sigui\u00f3-las-competencias-desde-la-costa..jpg\"><img decoding=\"async\" data-attachment-id=\"17190\" data-permalink=\"https:\/\/eldiariodesanpedro.com.ar\/sitio\/canotaje-180-palistas-fueron-parte-de-la-jose-deluchi-que-organizo-pescadores-san-pedro\/gran-cantidad-de-publico-siguio-las-competencias-desde-la-costa\/\" data-orig-file=\"https:\/\/eldiariodesanpedro.com.ar\/sitio\/wp-content\/uploads\/2017\/04\/Gran-cantidad-de-p\u00fablico-sigui\u00f3-las-competencias-desde-la-costa..jpg\" data-orig-size=\"1000,530\" data-comments-opened=\"1\" data-image-meta=\"{&quot;aperture&quot;:&quot;5.7&quot;,&quot;credit&quot;:&quot;&quot;,&quot;camera&quot;:&quot;FinePix S4000&quot;,&quot;caption&quot;:&quot;&quot;,&quot;created_timestamp&quot;:&quot;950927832&quot;,&quot;copyright&quot;:&quot;&quot;,&quot;focal_length&quot;:&quot;66.55&quot;,&quot;iso&quot;:&quot;64&quot;,&quot;shutter_speed&quot;:&quot;0.0028571428571429&quot;,&quot;title&quot;:&quot;&quot;,&quot;orientation&quot;:&quot;0&quot;}\" data-image-title=\"Gran cantidad de p\u00fablico sigui\u00f3 las competencias desde la costa.\" data-image-description=\"\" data-image-caption=\"\" data-large-file=\"https:\/\/eldiariodesanpedro.com.ar\/sitio\/wp-content\/uploads\/2017\/04\/Gran-cantidad-de-p\u00fablico-sigui\u00f3-las-competencias-desde-la-costa..jpg\" data-src=\"https:\/\/eldiariodesanpedro.com.ar\/sitio\/wp-content\/uploads\/2017\/04\/Gran-cantidad-de-p\u00fablico-sigui\u00f3-las-competencias-desde-la-costa.-300x159.jpg\" alt=\"\" width=\"300\" height=\"159\" class=\"alignnone size-medium wp-image-17190 lazyload\" data-srcset=\"https:\/\/eldiariodesanpedro.com.ar\/sitio\/wp-content\/uploads\/2017\/04\/Gran-cantidad-de-p\u00fablico-sigui\u00f3-las-competencias-desde-la-costa.-300x159.jpg 300w, https:\/\/eldiariodesanpedro.com.ar\/sitio\/wp-content\/uploads\/2017\/04\/Gran-cantidad-de-p\u00fablico-sigui\u00f3-las-competencias-desde-la-costa.-768x407.jpg 768w, https:\/\/eldiariodesanpedro.com.ar\/sitio\/wp-content\/uploads\/2017\/04\/Gran-cantidad-de-p\u00fablico-sigui\u00f3-las-competencias-desde-la-costa.-390x205.jpg 390w, https:\/\/eldiariodesanpedro.com.ar\/sitio\/wp-content\/uploads\/2017\/04\/Gran-cantidad-de-p\u00fablico-sigui\u00f3-las-competencias-desde-la-costa..jpg 1000w\" data-sizes=\"(max-width: 300px) 100vw, 300px\" src=\"data:image\/svg+xml;base64,PHN2ZyB3aWR0aD0iMSIgaGVpZ2h0PSIxIiB4bWxucz0iaHR0cDovL3d3dy53My5vcmcvMjAwMC9zdmciPjwvc3ZnPg==\" style=\"--smush-placeholder-width: 300px; --smush-placeholder-aspect-ratio: 300\/159;\" \/><\/a><\/p>\n","protected":false},"excerpt":{"rendered":"<p>La regata organizada por el Club Pescadores y N\u00e1utica San Pedro logr\u00f3, a pesar de lo amenazante del clima en toda la zona, reunir una gran cantidad de inscriptos en las categor\u00edas mayores y promocionales; quienes no llevaron adelante la prueba \u201cVuelta de Obligado-San Pedro\u201d, siendo la misma en el riacho (por razones de seguridad, [&hellip;]<\/p>\n","protected":false},"author":4,"featured_media":17189,"comment_status":"open","ping_status":"closed","sticky":false,"template":"","format":"standard","meta":{"om_disable_all_campaigns":false,"_jetpack_memberships_contains_paid_content":false,"footnotes":""},"categories":[5],"tags":[],"class_list":["post-17187","post","type-post","status-publish","format-standard","has-post-thumbnail","hentry","category-deportes"],"aioseo_notices":[],"gutentor_comment":0,"jetpack_featured_media_url":"https:\/\/eldiariodesanpedro.com.ar\/sitio\/wp-content\/uploads\/2017\/04\/Jos\u00e9-Deluchi-junto-al-Presidente-de-Pescadores-Jos\u00e9-Scattone-directivos-y-ex-deportistas.jpg","jetpack_shortlink":"https:\/\/wp.me\/p6RhLt-4td","jetpack_sharing_enabled":true,"_links":{"self":[{"href":"https:\/\/eldiariodesanpedro.com.ar\/sitio\/wp-json\/wp\/v2\/posts\/17187","targetHints":{"allow":["GET"]}}],"collection":[{"href":"https:\/\/eldiariodesanpedro.com.ar\/sitio\/wp-json\/wp\/v2\/posts"}],"about":[{"href":"https:\/\/eldiariodesanpedro.com.ar\/sitio\/wp-json\/wp\/v2\/types\/post"}],"author":[{"embeddable":true,"href":"https:\/\/eldiariodesanpedro.com.ar\/sitio\/wp-json\/wp\/v2\/users\/4"}],"replies":[{"embeddable":true,"href":"https:\/\/eldiariodesanpedro.com.ar\/sitio\/wp-json\/wp\/v2\/comments?post=17187"}],"version-history":[{"count":1,"href":"https:\/\/eldiariodesanpedro.com.ar\/sitio\/wp-json\/wp\/v2\/posts\/17187\/revisions"}],"predecessor-version":[{"id":17191,"href":"https:\/\/eldiariodesanpedro.com.ar\/sitio\/wp-json\/wp\/v2\/posts\/17187\/revisions\/17191"}],"wp:featuredmedia":[{"embeddable":true,"href":"https:\/\/eldiariodesanpedro.com.ar\/sitio\/wp-json\/wp\/v2\/media\/17189"}],"wp:attachment":[{"href":"https:\/\/eldiariodesanpedro.com.ar\/sitio\/wp-json\/wp\/v2\/media?parent=17187"}],"wp:term":[{"taxonomy":"category","embeddable":true,"href":"https:\/\/eldiariodesanpedro.com.ar\/sitio\/wp-json\/wp\/v2\/categories?post=17187"},{"taxonomy":"post_tag","embeddable":true,"href":"https:\/\/eldiariodesanpedro.com.ar\/sitio\/wp-json\/wp\/v2\/tags?post=17187"}],"curies":[{"name":"wp","href":"https:\/\/api.w.org\/{rel}","templated":true}]}}