{"id":17184,"date":"2017-04-09T20:43:13","date_gmt":"2017-04-09T23:43:13","guid":{"rendered":"https:\/\/eldiariodesanpedro.com.ar\/sitio\/?p=17184"},"modified":"2017-04-09T20:43:13","modified_gmt":"2017-04-09T23:43:13","slug":"presentaron-una-nueva-temporada-de-la-liga-de-inclusion-de-futbol","status":"publish","type":"post","link":"https:\/\/eldiariodesanpedro.com.ar\/sitio\/presentaron-una-nueva-temporada-de-la-liga-de-inclusion-de-futbol\/","title":{"rendered":"Presentaron una nueva temporada de la Liga de Inclusi\u00f3n de Futbol"},"content":{"rendered":"<p><!-- VideographyWP Plugin Message: Automatic video embedding prevented by plugin options. --><br \/>\n  En el d\u00eda s\u00e1bado 8 de abril, se llev\u00f3 a cabo una jornada de apertura de la 20\u00ba temporada de La Liga Inclusiva de Futbol en el Hotel Sheraton de Buenos Aires, a la cual viajo una comitiva de 254 j\u00f3venes de bajo recursos, que participar\u00e1n en el campeonato representando nuestra ciudad.<\/p>\n<p>  Adem\u00e1s, fueron acompa\u00f1ados por la Secretaria de Desarrollo Humano, Lic. Karina Chiarella, el Jefe del \u00c1rea de Discapacidad Juan Carlos Mari\u00f1o y el profesor del \u00c1rea de Deportes que los entrena, Sebasti\u00e1n Cano.<\/p>\n<p>  El acto de apertura, cont\u00f3 con la conducci\u00f3n de la Tota Santill\u00e1n y estuvieron presentes el Director Nacional de Discapacidad Ra\u00fal Lucero y la presidente de CONADIS, la Prof. Sara Valassina.<\/p>\n<p>  En este campeonato participar\u00e1n un total de m\u00e1s de 1900 deportistas, que representar\u00e1n a 49 organismos y\/o municipios; en los que entre estos est\u00e1n, San Pedro, Mar del Plata, Dolores, Quilmes, Esteban Echeverr\u00eda, CILSA, etc.<\/p>\n<p><strong>\u00bfQu\u00e9 es el CONADIS?<\/strong><br \/>\n  Desde su creaci\u00f3n, en la Comisi\u00f3n Nacional Asesora para la Integraci\u00f3n de las Personas con Discapacidad (CONADIS), integrante del consejo nacional de coordinaci\u00f3n de pol\u00edticas sociales, garantiza el desarrollo y la aplicaci\u00f3n de pol\u00edticas que contribuyen a la consolidaci\u00f3n de derechos de las personas con discapacidad. Potenciando la transformaci\u00f3n social e instalando en la poblaci\u00f3n una visi\u00f3n de equidad e igualdad de derechos.<\/p>\n<p>  Como organismo gubernamental, encargado de las cuestiones relativas a la aplicaci\u00f3n de la convenci\u00f3n sobre los derechos de las personas con discapacidad y protocolo facultativo, promueve la plena inclusi\u00f3n de las personas con discapacidad en la vida pol\u00edtica, social y productiva del pa\u00eds; en un marco de accesibilidad universal, autonom\u00eda e igualdad de oportunidades.<\/p>\n<p>  Con la participaci\u00f3n ciudadana y de los organismos gubernamentales, articula un marco de estrategias de cooperaci\u00f3n y tranversalizaci\u00f3n de la tem\u00e1tica para generar pol\u00edticas y acciones que respondan a las necesidades de las personas en situaci\u00f3n de discapacidad. Para ello, contamos con la participaci\u00f3n activa de las organizaciones de y para personas con discapacidad mediante el comit\u00e9 asesor y de los organismos del estado en el comit\u00e9 t\u00e9cnico.<\/p>\n<p>  Se financia, mediante el fondo creado por la ley 25.730 (ley de cheques), proyectos a personas f\u00edsicas, organizaciones gubernamentales y de la sociedad civil destinadas a la mejora de la calidad de vida.<\/p>\n<p><a href=\"https:\/\/eldiariodesanpedro.com.ar\/sitio\/wp-content\/uploads\/2017\/04\/Alguno-de-los-j\u00f3venes-que-participar\u00e1n-del-campeonato.jpg\"><img decoding=\"async\" data-attachment-id=\"17186\" data-permalink=\"https:\/\/eldiariodesanpedro.com.ar\/sitio\/presentaron-una-nueva-temporada-de-la-liga-de-inclusion-de-futbol\/alguno-de-los-jovenes-que-participaran-del-campeonato\/\" data-orig-file=\"https:\/\/eldiariodesanpedro.com.ar\/sitio\/wp-content\/uploads\/2017\/04\/Alguno-de-los-j\u00f3venes-que-participar\u00e1n-del-campeonato.jpg\" data-orig-size=\"720,405\" data-comments-opened=\"1\" data-image-meta=\"{&quot;aperture&quot;:&quot;0&quot;,&quot;credit&quot;:&quot;&quot;,&quot;camera&quot;:&quot;&quot;,&quot;caption&quot;:&quot;&quot;,&quot;created_timestamp&quot;:&quot;0&quot;,&quot;copyright&quot;:&quot;&quot;,&quot;focal_length&quot;:&quot;0&quot;,&quot;iso&quot;:&quot;0&quot;,&quot;shutter_speed&quot;:&quot;0&quot;,&quot;title&quot;:&quot;&quot;,&quot;orientation&quot;:&quot;0&quot;}\" data-image-title=\"Alguno de los j\u00f3venes que participar\u00e1n del campeonato\" data-image-description=\"\" data-image-caption=\"\" data-large-file=\"https:\/\/eldiariodesanpedro.com.ar\/sitio\/wp-content\/uploads\/2017\/04\/Alguno-de-los-j\u00f3venes-que-participar\u00e1n-del-campeonato.jpg\" data-src=\"https:\/\/eldiariodesanpedro.com.ar\/sitio\/wp-content\/uploads\/2017\/04\/Alguno-de-los-j\u00f3venes-que-participar\u00e1n-del-campeonato-300x169.jpg\" alt=\"\" width=\"300\" height=\"169\" class=\"alignnone size-medium wp-image-17186 lazyload\" data-srcset=\"https:\/\/eldiariodesanpedro.com.ar\/sitio\/wp-content\/uploads\/2017\/04\/Alguno-de-los-j\u00f3venes-que-participar\u00e1n-del-campeonato-300x169.jpg 300w, https:\/\/eldiariodesanpedro.com.ar\/sitio\/wp-content\/uploads\/2017\/04\/Alguno-de-los-j\u00f3venes-que-participar\u00e1n-del-campeonato.jpg 720w\" data-sizes=\"(max-width: 300px) 100vw, 300px\" src=\"data:image\/svg+xml;base64,PHN2ZyB3aWR0aD0iMSIgaGVpZ2h0PSIxIiB4bWxucz0iaHR0cDovL3d3dy53My5vcmcvMjAwMC9zdmciPjwvc3ZnPg==\" style=\"--smush-placeholder-width: 300px; --smush-placeholder-aspect-ratio: 300\/169;\" \/><\/a><\/p>\n","protected":false},"excerpt":{"rendered":"<p>En el d\u00eda s\u00e1bado 8 de abril, se llev\u00f3 a cabo una jornada de apertura de la 20\u00ba temporada de La Liga Inclusiva de Futbol en el Hotel Sheraton de Buenos Aires, a la cual viajo una comitiva de 254 j\u00f3venes de bajo recursos, que participar\u00e1n en el campeonato representando nuestra ciudad. Adem\u00e1s, fueron acompa\u00f1ados [&hellip;]<\/p>\n","protected":false},"author":4,"featured_media":17185,"comment_status":"open","ping_status":"closed","sticky":false,"template":"","format":"standard","meta":{"om_disable_all_campaigns":false,"_jetpack_memberships_contains_paid_content":false,"footnotes":""},"categories":[101,2],"tags":[],"class_list":["post-17184","post","type-post","status-publish","format-standard","has-post-thumbnail","hentry","category-interes-general-locales","category-locales"],"aioseo_notices":[],"gutentor_comment":0,"jetpack_featured_media_url":"https:\/\/eldiariodesanpedro.com.ar\/sitio\/wp-content\/uploads\/2017\/04\/Chiarella-junto-a-Juan-Carlos-Mari\u00f1o-Sebasti\u00e1n-Cano-y-los-j\u00f3venes-representantes-en-el-Sheraton-Hotel.jpg","jetpack_shortlink":"https:\/\/wp.me\/p6RhLt-4ta","jetpack_sharing_enabled":true,"_links":{"self":[{"href":"https:\/\/eldiariodesanpedro.com.ar\/sitio\/wp-json\/wp\/v2\/posts\/17184","targetHints":{"allow":["GET"]}}],"collection":[{"href":"https:\/\/eldiariodesanpedro.com.ar\/sitio\/wp-json\/wp\/v2\/posts"}],"about":[{"href":"https:\/\/eldiariodesanpedro.com.ar\/sitio\/wp-json\/wp\/v2\/types\/post"}],"author":[{"embeddable":true,"href":"https:\/\/eldiariodesanpedro.com.ar\/sitio\/wp-json\/wp\/v2\/users\/4"}],"replies":[{"embeddable":true,"href":"https:\/\/eldiariodesanpedro.com.ar\/sitio\/wp-json\/wp\/v2\/comments?post=17184"}],"version-history":[{"count":1,"href":"https:\/\/eldiariodesanpedro.com.ar\/sitio\/wp-json\/wp\/v2\/posts\/17184\/revisions"}],"predecessor-version":[{"id":17188,"href":"https:\/\/eldiariodesanpedro.com.ar\/sitio\/wp-json\/wp\/v2\/posts\/17184\/revisions\/17188"}],"wp:featuredmedia":[{"embeddable":true,"href":"https:\/\/eldiariodesanpedro.com.ar\/sitio\/wp-json\/wp\/v2\/media\/17185"}],"wp:attachment":[{"href":"https:\/\/eldiariodesanpedro.com.ar\/sitio\/wp-json\/wp\/v2\/media?parent=17184"}],"wp:term":[{"taxonomy":"category","embeddable":true,"href":"https:\/\/eldiariodesanpedro.com.ar\/sitio\/wp-json\/wp\/v2\/categories?post=17184"},{"taxonomy":"post_tag","embeddable":true,"href":"https:\/\/eldiariodesanpedro.com.ar\/sitio\/wp-json\/wp\/v2\/tags?post=17184"}],"curies":[{"name":"wp","href":"https:\/\/api.w.org\/{rel}","templated":true}]}}