{"id":17177,"date":"2017-04-09T19:23:46","date_gmt":"2017-04-09T22:23:46","guid":{"rendered":"https:\/\/eldiariodesanpedro.com.ar\/sitio\/?p=17177"},"modified":"2017-04-09T19:23:46","modified_gmt":"2017-04-09T22:23:46","slug":"campana-sin-quorum-la-oposicion-no-se-presento-y-fracaso-la-primera-sesion-del-ano","status":"publish","type":"post","link":"https:\/\/eldiariodesanpedro.com.ar\/sitio\/campana-sin-quorum-la-oposicion-no-se-presento-y-fracaso-la-primera-sesion-del-ano\/","title":{"rendered":"CAMPANA, Sin quorum: La oposici\u00f3n no se present\u00f3 y fracas\u00f3 la primera sesi\u00f3n del a\u00f1o"},"content":{"rendered":"<p><!-- VideographyWP Plugin Message: Automatic video embedding prevented by plugin options. --><br \/>\n El bloque del Frente para la Victoria, el Frente Renovador y la Uni\u00f3n Vecinal Calixto Dellepiane, se mantuvieron firmes con su postura y no se presentaron al recinto. Hab\u00edan pedido que se retrase 24 horas, no tuvo lugar y por eso tomaron la medida de no presentarse.<\/p>\n<p>  Era la primera sesi\u00f3n del Honorable Concejo Deliberante. Hab\u00eda expectativa, pero no hubo quorum debido a que los bloques Justicialista FPV, Frente Renovador y Uni\u00f3n Vecinal Calixto Dellepiane no se presentaron.<\/p>\n<p>  La situaci\u00f3n se empez\u00f3 a barajar en los d\u00edas previos, incluso hubo una presentaci\u00f3n para que se retrase 24 horas la sesi\u00f3n. Desde Cambiemos no le dieron lugar y en la misma sinton\u00eda, estaba Carlos Cazador de Primero Campana.<\/p>\n<p>  Pasadas las 18:30hs., son\u00f3 el timbre tres veces y luego de que no haya movimientos desde la oposici\u00f3n, el Presidente del HCD Sergio Roses, dio el aviso que se esperaban los 30 minutos correspondientes.<\/p>\n<p>  Se aguard\u00f3 el tiempo y finalmente no hubo qu\u00f3rum. Por ende, ning\u00fan proyecto se tratar\u00e1 a partir de la pr\u00f3xima semana.<\/p>\n<p>  A pesar de que trascendi\u00f3 la posibilidad que se pase la sesi\u00f3n para la pr\u00f3xima semana o se pida una extraordinaria, la m\u00e1xima autoridad del HCD manifest\u00f3 que no era posible y que seguramente la pr\u00f3xima sesi\u00f3n ser\u00e1 el jueves 20 de abril. <\/p>\n<p>(http:\/\/www.campananoticias.com)<\/p>\n","protected":false},"excerpt":{"rendered":"<p>El bloque del Frente para la Victoria, el Frente Renovador y la Uni\u00f3n Vecinal Calixto Dellepiane, se mantuvieron firmes con su postura y no se presentaron al recinto. Hab\u00edan pedido que se retrase 24 horas, no tuvo lugar y por eso tomaron la medida de no presentarse. Era la primera sesi\u00f3n del Honorable Concejo Deliberante. [&hellip;]<\/p>\n","protected":false},"author":4,"featured_media":17179,"comment_status":"open","ping_status":"closed","sticky":false,"template":"","format":"standard","meta":{"om_disable_all_campaigns":false,"_jetpack_memberships_contains_paid_content":false,"footnotes":""},"categories":[621],"tags":[],"class_list":["post-17177","post","type-post","status-publish","format-standard","has-post-thumbnail","hentry","category-regionales"],"aioseo_notices":[],"gutentor_comment":0,"jetpack_featured_media_url":"https:\/\/eldiariodesanpedro.com.ar\/sitio\/wp-content\/uploads\/2017\/04\/cmpana-La-oposici\u00f3n-no-se-present\u00f3-y-fracas\u00f3-la-primera-sesi\u00f3n-del-a\u00f1o.jpg","jetpack_shortlink":"https:\/\/wp.me\/p6RhLt-4t3","jetpack_sharing_enabled":true,"_links":{"self":[{"href":"https:\/\/eldiariodesanpedro.com.ar\/sitio\/wp-json\/wp\/v2\/posts\/17177","targetHints":{"allow":["GET"]}}],"collection":[{"href":"https:\/\/eldiariodesanpedro.com.ar\/sitio\/wp-json\/wp\/v2\/posts"}],"about":[{"href":"https:\/\/eldiariodesanpedro.com.ar\/sitio\/wp-json\/wp\/v2\/types\/post"}],"author":[{"embeddable":true,"href":"https:\/\/eldiariodesanpedro.com.ar\/sitio\/wp-json\/wp\/v2\/users\/4"}],"replies":[{"embeddable":true,"href":"https:\/\/eldiariodesanpedro.com.ar\/sitio\/wp-json\/wp\/v2\/comments?post=17177"}],"version-history":[{"count":1,"href":"https:\/\/eldiariodesanpedro.com.ar\/sitio\/wp-json\/wp\/v2\/posts\/17177\/revisions"}],"predecessor-version":[{"id":17181,"href":"https:\/\/eldiariodesanpedro.com.ar\/sitio\/wp-json\/wp\/v2\/posts\/17177\/revisions\/17181"}],"wp:featuredmedia":[{"embeddable":true,"href":"https:\/\/eldiariodesanpedro.com.ar\/sitio\/wp-json\/wp\/v2\/media\/17179"}],"wp:attachment":[{"href":"https:\/\/eldiariodesanpedro.com.ar\/sitio\/wp-json\/wp\/v2\/media?parent=17177"}],"wp:term":[{"taxonomy":"category","embeddable":true,"href":"https:\/\/eldiariodesanpedro.com.ar\/sitio\/wp-json\/wp\/v2\/categories?post=17177"},{"taxonomy":"post_tag","embeddable":true,"href":"https:\/\/eldiariodesanpedro.com.ar\/sitio\/wp-json\/wp\/v2\/tags?post=17177"}],"curies":[{"name":"wp","href":"https:\/\/api.w.org\/{rel}","templated":true}]}}