{"id":17174,"date":"2017-04-09T19:22:06","date_gmt":"2017-04-09T22:22:06","guid":{"rendered":"https:\/\/eldiariodesanpedro.com.ar\/sitio\/?p=17174"},"modified":"2017-04-09T19:45:16","modified_gmt":"2017-04-09T22:45:16","slug":"acusan-a-concejal-de-arrecifes-de-aprietes","status":"publish","type":"post","link":"https:\/\/eldiariodesanpedro.com.ar\/sitio\/acusan-a-concejal-de-arrecifes-de-aprietes\/","title":{"rendered":"Acusan a concejal de Arrecifes de \u00abaprietes\u201d"},"content":{"rendered":"<p><!-- VideographyWP Plugin Message: Automatic video embedding prevented by plugin options. --><br \/>\n El concejal de Arrecifes y referente del Sindicato de Obreros y Empleados de Estaciones de Servicio, Luis Coria; qued\u00f3 expuesto como un sindicalista que recurre a \u201caprietes\u201d en un video publicado en Pergamino, cuando se encontraba negociando cierres de estaciones de servicios en la vecina ciudad, en el paro general realizado el d\u00eda jueves.<\/p>\n<p>  El informe en im\u00e1genes, publicado en redes sociales por el periodista Diego Gast\u00f3n del Valle, trascendi\u00f3 las fronteras regionales y lleg\u00f3 a los medios nacionales, hasta merecer un espacio destacado en noticieros como el de Canal 9.<\/p>\n<p>  Lo cierto es que Coria, qued\u00f3 \u201cescrachado\u201d y muy mal parado. Lo que se observa en el video es indefendible y el concejal arrecife\u00f1o del Frente Renovador lo acept\u00f3 as\u00ed.<\/p>\n<p>  <strong>Consultado esta ma\u00f1ana en el programa \u201cUno Nunca Sabe\u201d, de Radio Uno Arrecifes (107.1):<\/strong><\/p>\n<p>  \u201cClaro que el video me hace quedar muy mal y lo que se observa ah\u00ed, de la forma en que se lo presenta, es indefendible. No lo niego. Lo que s\u00ed niego es haber apretado o presionado a ning\u00fan due\u00f1o de estaciones de servicios. En ning\u00fan momento se me escucha hacer eso. Es el periodista el que, con evidente mala intenci\u00f3n, relata las negociaciones como un apriete. Pero si no me creen a m\u00ed, los invito a que llamen a Serato (empresario que aparece en las im\u00e1genes intercambiando opiniones con Coria) o a cualquier otro propietario de estaciones de Pergamino para que digan el modo en que yo me manej\u00e9. Yo no aprieto a nadie, ni en Pergamino ni en ning\u00fan lado, no es mi costumbre\u201d, se defendi\u00f3 Luis Coria.<\/p>\n<p>  \u201cYo respondo a Carlos Acu\u00f1a, titular del gremio de trabajadores de Estaciones de Servicios e integrante de la CGT, y obviamente defendemos los derechos de nuestros afiliados, entre ellos el de ejercer el derecho a huelga. Hablo con los empresarios para que se los respete, para que no se los obligue a trabajar si deciden adherirse al paro, para que no se los sancione. Es una negociaci\u00f3n l\u00f3gica y habitual, en la que cada uno defiende sus derechos. Nada tiene que ver con apremios, con \u201cpatoterismo\u201d ni con presiones. En Arrecifes, de hecho, habl\u00e9 con todos los due\u00f1os de estaciones y llegamos a un acuerdo: pararon entre las 00:00hs. y las 14:00hs. y despu\u00e9s trabajaron normalmente. En Pergamino tambi\u00e9n, salvo el caso de Serato, que no quiso cerrar, pero atendi\u00f3 en ese horario s\u00f3lo en una isla. \u201cLo que cuenta el periodista no existi\u00f3\u201d, se explay\u00f3 Coria.<\/p>\n<p>  \u201cFui a Pergamino porque el delegado del Sindicato en esa ciudad no estaba y me correspondi\u00f3 ir a m\u00ed a negociar, como en Salto, en San Pedro y otras ciudades, por ser el delegado regional. No tuve problemas en ning\u00fan lado\u201d, agreg\u00f3.<\/p>\n<p>  <strong>Y el concejal arrecife\u00f1o reflexion\u00f3 en La Uno Arrecifes (107.1):<\/strong><\/p>\n<p>  \u201cEvidentemente esto me perjudica, porque muestra algo que no soy y cuesta explic\u00e1rselo a tanta gente que vio el video. Y tendr\u00e9 que replantearme si hice algo mal, pero estoy muy lejos de salir a apretar a alguien. Quienes me conocen lo saben. Lamentablemente en este tema hay muchos intereses en juego y hay quienes manipulan la situaci\u00f3n seg\u00fan su conveniencia o pretende utilizarlo pol\u00edticamente\u201d. <\/p>\n<p>(http:\/\/arrecifesnoticias.com)<\/p>\n","protected":false},"excerpt":{"rendered":"<p>El concejal de Arrecifes y referente del Sindicato de Obreros y Empleados de Estaciones de Servicio, Luis Coria; qued\u00f3 expuesto como un sindicalista que recurre a \u201caprietes\u201d en un video publicado en Pergamino, cuando se encontraba negociando cierres de estaciones de servicios en la vecina ciudad, en el paro general realizado el d\u00eda jueves. El [&hellip;]<\/p>\n","protected":false},"author":4,"featured_media":17176,"comment_status":"open","ping_status":"closed","sticky":false,"template":"","format":"standard","meta":{"om_disable_all_campaigns":false,"_jetpack_memberships_contains_paid_content":false,"footnotes":""},"categories":[621],"tags":[],"class_list":["post-17174","post","type-post","status-publish","format-standard","has-post-thumbnail","hentry","category-regionales"],"aioseo_notices":[],"gutentor_comment":0,"jetpack_featured_media_url":"https:\/\/eldiariodesanpedro.com.ar\/sitio\/wp-content\/uploads\/2017\/04\/El-concejal-de-Arrecifes-y-Luis-Coria.jpg","jetpack_shortlink":"https:\/\/wp.me\/p6RhLt-4t0","jetpack_sharing_enabled":true,"_links":{"self":[{"href":"https:\/\/eldiariodesanpedro.com.ar\/sitio\/wp-json\/wp\/v2\/posts\/17174","targetHints":{"allow":["GET"]}}],"collection":[{"href":"https:\/\/eldiariodesanpedro.com.ar\/sitio\/wp-json\/wp\/v2\/posts"}],"about":[{"href":"https:\/\/eldiariodesanpedro.com.ar\/sitio\/wp-json\/wp\/v2\/types\/post"}],"author":[{"embeddable":true,"href":"https:\/\/eldiariodesanpedro.com.ar\/sitio\/wp-json\/wp\/v2\/users\/4"}],"replies":[{"embeddable":true,"href":"https:\/\/eldiariodesanpedro.com.ar\/sitio\/wp-json\/wp\/v2\/comments?post=17174"}],"version-history":[{"count":1,"href":"https:\/\/eldiariodesanpedro.com.ar\/sitio\/wp-json\/wp\/v2\/posts\/17174\/revisions"}],"predecessor-version":[{"id":17178,"href":"https:\/\/eldiariodesanpedro.com.ar\/sitio\/wp-json\/wp\/v2\/posts\/17174\/revisions\/17178"}],"wp:featuredmedia":[{"embeddable":true,"href":"https:\/\/eldiariodesanpedro.com.ar\/sitio\/wp-json\/wp\/v2\/media\/17176"}],"wp:attachment":[{"href":"https:\/\/eldiariodesanpedro.com.ar\/sitio\/wp-json\/wp\/v2\/media?parent=17174"}],"wp:term":[{"taxonomy":"category","embeddable":true,"href":"https:\/\/eldiariodesanpedro.com.ar\/sitio\/wp-json\/wp\/v2\/categories?post=17174"},{"taxonomy":"post_tag","embeddable":true,"href":"https:\/\/eldiariodesanpedro.com.ar\/sitio\/wp-json\/wp\/v2\/tags?post=17174"}],"curies":[{"name":"wp","href":"https:\/\/api.w.org\/{rel}","templated":true}]}}