{"id":17171,"date":"2017-04-09T19:20:03","date_gmt":"2017-04-09T22:20:03","guid":{"rendered":"https:\/\/eldiariodesanpedro.com.ar\/sitio\/?p=17171"},"modified":"2017-04-09T19:20:03","modified_gmt":"2017-04-09T22:20:03","slug":"bomberos-lanzo-a-la-venta-la-rifa-2017","status":"publish","type":"post","link":"https:\/\/eldiariodesanpedro.com.ar\/sitio\/bomberos-lanzo-a-la-venta-la-rifa-2017\/","title":{"rendered":"Bomberos lanz\u00f3 a la venta la Rifa 2017"},"content":{"rendered":"<p><!-- VideographyWP Plugin Message: Automatic video embedding prevented by plugin options. --><br \/>\n La misma se encuentra hace 15 d\u00edas a la venta. En ese sentido, el comandante mayor (ER) Marcelo Duarte, explic\u00f3 que \u201cse organiz\u00f3 desde el cuartel de Bomberos y recibimos la colaboraci\u00f3n de personas que se encargaron de la venta y la cobranza\u201d.<\/p>\n<p>  Duarte manifest\u00f3: \u201cCuando lo hac\u00edamos el %100 en la instituci\u00f3n, ten\u00edamos un techo de un %20 de la venta, el a\u00f1o pasado que se hizo este cambio logr\u00f3 una venta del %50\u201d.<\/p>\n<p>  \u201cLa rifa, el a\u00f1o pasado fue el ingreso m\u00e1s importante que tuvo la instituci\u00f3n, compar\u00e1ndolo con los subsidios de naci\u00f3n y provincia y lo que se recibe de la municipalidad por servicio de la Tasa de Seguridad e Higiene\u201d, dijo seguidamente.<\/p>\n<p>  Y sostuvo: \u201cLo explico porque hemos recibido alguna informaci\u00f3n que hay comerciantes o personas que han cuestionado que hemos dado la venta y la cobranza y que bombero recibe solamente un 20% del total de la recaudaci\u00f3n, no es cierto podemos demostrarlo con documentaci\u00f3n\u201d.<\/p>\n<p>  En base a las ganancias \u201cse han hecho obras, se ha comprado equipamiento se hizo el tapial perimetral y el galp\u00f3n que se hizo en calle Belgrano y Aul\u00ed\u201d. \u201cTodo eso gracias al esfuerzo que ha hecho la comunidad en colaborar el a\u00f1o pasado y esperemos seguir en ese camino\u201d, asever\u00f3.<\/p>\n<p>\u201cBomberos va a recibir por 12 meses 195 mil pesos mensuales\u201d, manifest\u00f3 Duarte y luego se explay\u00f3: \u201cEs una rifa que hasta el mes de mayo tiene sorteos semanales y a partir de junio tiene sorteos mensuales. Tiene un primer premio de 180 mil pesos, un segundo de 20 mil y un tercero de 10 mil. Est\u00e1 tambi\u00e9n la posibilidad de pago al contado, que es un sorteo a parte que tiene un premio de 200 mil pesos\u201d.<\/p>\n<p>  \u201cTiene varios valores: para particulares, peque\u00f1os negocios, para pymes y empresas y arranca desde los $180 por mes; tenemos de $360, de $540, de $720, $900, $1260, $1800 y $3600 en 12 cuotas\u201d.<\/p>\n","protected":false},"excerpt":{"rendered":"<p>La misma se encuentra hace 15 d\u00edas a la venta. En ese sentido, el comandante mayor (ER) Marcelo Duarte, explic\u00f3 que \u201cse organiz\u00f3 desde el cuartel de Bomberos y recibimos la colaboraci\u00f3n de personas que se encargaron de la venta y la cobranza\u201d. Duarte manifest\u00f3: \u201cCuando lo hac\u00edamos el %100 en la instituci\u00f3n, ten\u00edamos un [&hellip;]<\/p>\n","protected":false},"author":4,"featured_media":17173,"comment_status":"open","ping_status":"closed","sticky":false,"template":"","format":"standard","meta":{"om_disable_all_campaigns":false,"_jetpack_memberships_contains_paid_content":false,"footnotes":""},"categories":[101,2],"tags":[],"class_list":["post-17171","post","type-post","status-publish","format-standard","has-post-thumbnail","hentry","category-interes-general-locales","category-locales"],"aioseo_notices":[],"gutentor_comment":0,"jetpack_featured_media_url":"https:\/\/eldiariodesanpedro.com.ar\/sitio\/wp-content\/uploads\/2017\/04\/la-conferencia-se-realizo-en-el-departamento-de-bomberos.jpg","jetpack_shortlink":"https:\/\/wp.me\/p6RhLt-4sX","jetpack_sharing_enabled":true,"_links":{"self":[{"href":"https:\/\/eldiariodesanpedro.com.ar\/sitio\/wp-json\/wp\/v2\/posts\/17171","targetHints":{"allow":["GET"]}}],"collection":[{"href":"https:\/\/eldiariodesanpedro.com.ar\/sitio\/wp-json\/wp\/v2\/posts"}],"about":[{"href":"https:\/\/eldiariodesanpedro.com.ar\/sitio\/wp-json\/wp\/v2\/types\/post"}],"author":[{"embeddable":true,"href":"https:\/\/eldiariodesanpedro.com.ar\/sitio\/wp-json\/wp\/v2\/users\/4"}],"replies":[{"embeddable":true,"href":"https:\/\/eldiariodesanpedro.com.ar\/sitio\/wp-json\/wp\/v2\/comments?post=17171"}],"version-history":[{"count":1,"href":"https:\/\/eldiariodesanpedro.com.ar\/sitio\/wp-json\/wp\/v2\/posts\/17171\/revisions"}],"predecessor-version":[{"id":17175,"href":"https:\/\/eldiariodesanpedro.com.ar\/sitio\/wp-json\/wp\/v2\/posts\/17171\/revisions\/17175"}],"wp:featuredmedia":[{"embeddable":true,"href":"https:\/\/eldiariodesanpedro.com.ar\/sitio\/wp-json\/wp\/v2\/media\/17173"}],"wp:attachment":[{"href":"https:\/\/eldiariodesanpedro.com.ar\/sitio\/wp-json\/wp\/v2\/media?parent=17171"}],"wp:term":[{"taxonomy":"category","embeddable":true,"href":"https:\/\/eldiariodesanpedro.com.ar\/sitio\/wp-json\/wp\/v2\/categories?post=17171"},{"taxonomy":"post_tag","embeddable":true,"href":"https:\/\/eldiariodesanpedro.com.ar\/sitio\/wp-json\/wp\/v2\/tags?post=17171"}],"curies":[{"name":"wp","href":"https:\/\/api.w.org\/{rel}","templated":true}]}}