{"id":17169,"date":"2017-04-09T19:18:22","date_gmt":"2017-04-09T22:18:22","guid":{"rendered":"https:\/\/eldiariodesanpedro.com.ar\/sitio\/?p=17169"},"modified":"2017-04-09T19:18:22","modified_gmt":"2017-04-09T22:18:22","slug":"docentes-denuncian-descuentos-ilegales","status":"publish","type":"post","link":"https:\/\/eldiariodesanpedro.com.ar\/sitio\/docentes-denuncian-descuentos-ilegales\/","title":{"rendered":"Docentes denuncian descuentos ilegales"},"content":{"rendered":"<p><!-- VideographyWP Plugin Message: Automatic video embedding prevented by plugin options. --><br \/>\n El Frente de Unidad Docente present\u00f3 ante la DGCyE un reclamo solicitando \u00abla urgente respuesta de la Gobernadora Vidal por efectuar descuentos indiscriminados por realizaci\u00f3n de medidas de fuerza, sin contar con el respectivo informe del control docente\u00bb. Adem\u00e1s de \u00abla pronta devoluci\u00f3n de esos descuentos, ya que no se ha informado la base de datos sobre la cual se efectuaron los descuentos y los funcionarios que habilitaron los mismos, y no se ha respetado la decisi\u00f3n judicial de no impedir el derecho a huelga\u00bb.<\/p>\n<p>  Sobre ello, Cristina Fr\u00edas de SUTEBA coment\u00f3 a trav\u00e9s de \u201cLa Radio 92.3: \u201cLo que hicimos hoy, es dirigirnos a Jefatura Distrital y hacer una presentaci\u00f3n referido al tema de los descuentos\u201d.<\/p>\n<p>  \u201cNo solamente que se realizaron descuentos a personas que fueron a trabajar, sino que tambi\u00e9n fue desproporcionado a docentes que por ah\u00ed no le deber\u00edan haber descontado tanto\u201d.<\/p>\n<p>  Y agreg\u00f3: \u201cEs un desconocimiento por parte del gobierno provincial, porque hay una Jueza que fall\u00f3 a favor de los docentes y lo que est\u00e1 exigiendo es que no se descuenten los d\u00edas de paro\u201d.<\/p>\n<p>  \u201cPor el poco relevamiento que hicimos hoy, pudimos ver que es la mayor\u00eda\u201d asever\u00f3 y dijo seguidamente: \u201cProfesores que no tienen tantas horas e hicieron paro, le descontaron como si tuvieran cargos jer\u00e1rquicos, realmente una exageraci\u00f3n\u201d.<\/p>\n<p><strong>A la espera de una \u00aboferta superadora<\/strong>\u00bb<\/p>\n<p>  El Frente de Unidad Docente resolvi\u00f3 este viernes abrir un par\u00e9ntesis en los paros a la espera de una \u00aboferta superadora\u00bb del gobierno de Mar\u00eda Eugenia Vidal, al que le exigi\u00f3 que cumpla con los fallos judiciales y que, adem\u00e1s, devuelva la plata descontada por los d\u00edas de huelga. El Ejecutivo no defini\u00f3 todav\u00eda la nueva convocatoria.<\/p>\n<p>  A trav\u00e9s de un comunicado de prensa, los seis gremios que integran el Frente, ratificaron el plan de lucha por un salario por encima de la l\u00ednea de pobreza a trav\u00e9s de \u00abdistintas acciones gremiales\u00bb, pero advirtieron que si no hay avances en la negociaci\u00f3n volver\u00e1n a \u00abmedidas de acci\u00f3n directa\u00bb.<\/p>\n<p>  Por su parte, el gobierno bonaerense salud\u00f3 el avance en las negociaciones. El ministro de Trabajo bonaerense, Marcelo Villegas, asegur\u00f3 que: \u00abla paritaria est\u00e1 abierta las veces que sea necesario siempre que sea sin paros de los gremios\u201d.<br \/>\n  En la misma sinton\u00eda, se expres\u00f3 el ministro de Educaci\u00f3n provincial, Alejandro Finocchiaro, al afirmar que el Gobierno \u00abno ve como una victoria que los gremios docentes realicen un impasse en los paros\u201d aunque celebr\u00f3 que en el conflicto empiece a \u00abprimar la racionalidad\u00bb.<\/p>\n","protected":false},"excerpt":{"rendered":"<p>El Frente de Unidad Docente present\u00f3 ante la DGCyE un reclamo solicitando \u00abla urgente respuesta de la Gobernadora Vidal por efectuar descuentos indiscriminados por realizaci\u00f3n de medidas de fuerza, sin contar con el respectivo informe del control docente\u00bb. Adem\u00e1s de \u00abla pronta devoluci\u00f3n de esos descuentos, ya que no se ha informado la base de [&hellip;]<\/p>\n","protected":false},"author":4,"featured_media":15837,"comment_status":"open","ping_status":"closed","sticky":false,"template":"","format":"standard","meta":{"om_disable_all_campaigns":false,"_jetpack_memberships_contains_paid_content":false,"footnotes":""},"categories":[2,102],"tags":[],"class_list":["post-17169","post","type-post","status-publish","format-standard","has-post-thumbnail","hentry","category-locales","category-politica-locales"],"aioseo_notices":[],"gutentor_comment":0,"jetpack_featured_media_url":"https:\/\/eldiariodesanpedro.com.ar\/sitio\/wp-content\/uploads\/2017\/03\/aula-vacia-1.jpg","jetpack_shortlink":"https:\/\/wp.me\/p6RhLt-4sV","jetpack_sharing_enabled":true,"_links":{"self":[{"href":"https:\/\/eldiariodesanpedro.com.ar\/sitio\/wp-json\/wp\/v2\/posts\/17169","targetHints":{"allow":["GET"]}}],"collection":[{"href":"https:\/\/eldiariodesanpedro.com.ar\/sitio\/wp-json\/wp\/v2\/posts"}],"about":[{"href":"https:\/\/eldiariodesanpedro.com.ar\/sitio\/wp-json\/wp\/v2\/types\/post"}],"author":[{"embeddable":true,"href":"https:\/\/eldiariodesanpedro.com.ar\/sitio\/wp-json\/wp\/v2\/users\/4"}],"replies":[{"embeddable":true,"href":"https:\/\/eldiariodesanpedro.com.ar\/sitio\/wp-json\/wp\/v2\/comments?post=17169"}],"version-history":[{"count":1,"href":"https:\/\/eldiariodesanpedro.com.ar\/sitio\/wp-json\/wp\/v2\/posts\/17169\/revisions"}],"predecessor-version":[{"id":17172,"href":"https:\/\/eldiariodesanpedro.com.ar\/sitio\/wp-json\/wp\/v2\/posts\/17169\/revisions\/17172"}],"wp:featuredmedia":[{"embeddable":true,"href":"https:\/\/eldiariodesanpedro.com.ar\/sitio\/wp-json\/wp\/v2\/media\/15837"}],"wp:attachment":[{"href":"https:\/\/eldiariodesanpedro.com.ar\/sitio\/wp-json\/wp\/v2\/media?parent=17169"}],"wp:term":[{"taxonomy":"category","embeddable":true,"href":"https:\/\/eldiariodesanpedro.com.ar\/sitio\/wp-json\/wp\/v2\/categories?post=17169"},{"taxonomy":"post_tag","embeddable":true,"href":"https:\/\/eldiariodesanpedro.com.ar\/sitio\/wp-json\/wp\/v2\/tags?post=17169"}],"curies":[{"name":"wp","href":"https:\/\/api.w.org\/{rel}","templated":true}]}}