{"id":17166,"date":"2017-04-09T18:57:37","date_gmt":"2017-04-09T21:57:37","guid":{"rendered":"https:\/\/eldiariodesanpedro.com.ar\/sitio\/?p=17166"},"modified":"2017-04-09T18:57:37","modified_gmt":"2017-04-09T21:57:37","slug":"manifestacion-en-la-peatonal-por-el-femicidio-de-micaela-garcia","status":"publish","type":"post","link":"https:\/\/eldiariodesanpedro.com.ar\/sitio\/manifestacion-en-la-peatonal-por-el-femicidio-de-micaela-garcia\/","title":{"rendered":"Manifestaci\u00f3n en la peatonal por el femicidio de Micaela Garc\u00eda"},"content":{"rendered":"<p><!-- VideographyWP Plugin Message: Automatic video embedding prevented by plugin options. --><br \/>\n El femicidio de Micaela Garc\u00eda, cuyo cad\u00e1ver fue encontrado en un descampado de Gualeguay, Entre R\u00edos, conmociona a todo el pa\u00eds.<\/p>\n<p>  La convocatoria fue realizada por el Movimiento de Mujeres Sampedrinas Minerva Mirabal y Libres de Miedo en la zona c\u00e9ntrica de la ciudad.<\/p>\n<p>  El documento elaborado por las entidades expresa: \u201cHace un mes march\u00e1bamos en todo el mundo para pedir que dejen de matarnos. Hoy, con el pa\u00eds conmocionado por el femicidio de Micaela, volvemos a las calles.<\/p>\n<p>  Porque a Micaela la mat\u00f3 el patriarcado y el sistema judicial c\u00f3mplice que permiti\u00f3 que un condenado dos veces por violaci\u00f3n fuera por m\u00e1s y matara a la tercera\u201d.<\/p>\n<p>  \u201cPorque es Micaela, pero tambi\u00e9n es Mar\u00eda Bel\u00e9n, violada y asesinada el domingo en Misiones; es Melina, la joven salte\u00f1a que fue baleada por su expareja; Mariela, quemada por su novio en Remedios de Escalada; sos vos, es tu hija, es tu hermana, es tu novia, es la madre que te pari\u00f3\u201d, se\u00f1alaron a su vez.<\/p>\n<p>  Micaela hab\u00eda desaparecido el 1\u00b0 de abril al salir del boliche \u201cKing\u201d de Gualeguay. Su cuerpo fue encontrado a dos kil\u00f3metros de la ruta 12. Anoche, el principal sospechoso, fue detenido en el partido bonaerense de Moreno luego de permanecer pr\u00f3fugo varios d\u00edas. Estaba escondido en la casa lindante a la vivienda de su madre.<\/p>\n","protected":false},"excerpt":{"rendered":"<p>El femicidio de Micaela Garc\u00eda, cuyo cad\u00e1ver fue encontrado en un descampado de Gualeguay, Entre R\u00edos, conmociona a todo el pa\u00eds. La convocatoria fue realizada por el Movimiento de Mujeres Sampedrinas Minerva Mirabal y Libres de Miedo en la zona c\u00e9ntrica de la ciudad. El documento elaborado por las entidades expresa: \u201cHace un mes march\u00e1bamos [&hellip;]<\/p>\n","protected":false},"author":4,"featured_media":17168,"comment_status":"open","ping_status":"closed","sticky":false,"template":"","format":"standard","meta":{"om_disable_all_campaigns":false,"_jetpack_memberships_contains_paid_content":false,"footnotes":""},"categories":[50,2,103],"tags":[],"class_list":["post-17166","post","type-post","status-publish","format-standard","has-post-thumbnail","hentry","category-destacadas","category-locales","category-policiales-locales"],"aioseo_notices":[],"gutentor_comment":0,"jetpack_featured_media_url":"https:\/\/eldiariodesanpedro.com.ar\/sitio\/wp-content\/uploads\/2017\/04\/La-manifestaci\u00f3n-se-realizo-en-la-peatonal-de-la-ciudad-el-pasado-s\u00e1bado.jpg","jetpack_shortlink":"https:\/\/wp.me\/p6RhLt-4sS","jetpack_sharing_enabled":true,"_links":{"self":[{"href":"https:\/\/eldiariodesanpedro.com.ar\/sitio\/wp-json\/wp\/v2\/posts\/17166","targetHints":{"allow":["GET"]}}],"collection":[{"href":"https:\/\/eldiariodesanpedro.com.ar\/sitio\/wp-json\/wp\/v2\/posts"}],"about":[{"href":"https:\/\/eldiariodesanpedro.com.ar\/sitio\/wp-json\/wp\/v2\/types\/post"}],"author":[{"embeddable":true,"href":"https:\/\/eldiariodesanpedro.com.ar\/sitio\/wp-json\/wp\/v2\/users\/4"}],"replies":[{"embeddable":true,"href":"https:\/\/eldiariodesanpedro.com.ar\/sitio\/wp-json\/wp\/v2\/comments?post=17166"}],"version-history":[{"count":1,"href":"https:\/\/eldiariodesanpedro.com.ar\/sitio\/wp-json\/wp\/v2\/posts\/17166\/revisions"}],"predecessor-version":[{"id":17170,"href":"https:\/\/eldiariodesanpedro.com.ar\/sitio\/wp-json\/wp\/v2\/posts\/17166\/revisions\/17170"}],"wp:featuredmedia":[{"embeddable":true,"href":"https:\/\/eldiariodesanpedro.com.ar\/sitio\/wp-json\/wp\/v2\/media\/17168"}],"wp:attachment":[{"href":"https:\/\/eldiariodesanpedro.com.ar\/sitio\/wp-json\/wp\/v2\/media?parent=17166"}],"wp:term":[{"taxonomy":"category","embeddable":true,"href":"https:\/\/eldiariodesanpedro.com.ar\/sitio\/wp-json\/wp\/v2\/categories?post=17166"},{"taxonomy":"post_tag","embeddable":true,"href":"https:\/\/eldiariodesanpedro.com.ar\/sitio\/wp-json\/wp\/v2\/tags?post=17166"}],"curies":[{"name":"wp","href":"https:\/\/api.w.org\/{rel}","templated":true}]}}