{"id":17164,"date":"2017-04-09T18:55:15","date_gmt":"2017-04-09T21:55:15","guid":{"rendered":"https:\/\/eldiariodesanpedro.com.ar\/sitio\/?p=17164"},"modified":"2017-04-09T18:55:15","modified_gmt":"2017-04-09T21:55:15","slug":"la-policia-secuestro-un-revolver-y-una-escopeta-calibre-16","status":"publish","type":"post","link":"https:\/\/eldiariodesanpedro.com.ar\/sitio\/la-policia-secuestro-un-revolver-y-una-escopeta-calibre-16\/","title":{"rendered":"La polic\u00eda secuestr\u00f3 un revolver y una escopeta calibre 16"},"content":{"rendered":"<p><!-- VideographyWP Plugin Message: Automatic video embedding prevented by plugin options. --><br \/>\nEn la tarde del viernes, personal de la comisar\u00eda junto al de la DDI San Pedro \u2013 Baradero, realizaron un allanamiento en Facundo Quiroga 1600, en el marco de una causa por \u201cabuso de arma\u201d. All\u00ed se secuestr\u00f3 un revolver calibre 22 con municiones y una escopeta calibre 16.<\/p>\n<p>  En tanto que, por los violentos hechos ocurridos en los \u00faltimos d\u00edas en el Barrio Hermano Indio, se llev\u00f3 a cabo otra diligencia que se suma a las cuatro realizadas anteriormente. Todas con resultados negativos.<\/p>\n","protected":false},"excerpt":{"rendered":"<p>En la tarde del viernes, personal de la comisar\u00eda junto al de la DDI San Pedro \u2013 Baradero, realizaron un allanamiento en Facundo Quiroga 1600, en el marco de una causa por \u201cabuso de arma\u201d. All\u00ed se secuestr\u00f3 un revolver calibre 22 con municiones y una escopeta calibre 16. En tanto que, por los violentos [&hellip;]<\/p>\n","protected":false},"author":4,"featured_media":4366,"comment_status":"open","ping_status":"closed","sticky":false,"template":"","format":"standard","meta":{"om_disable_all_campaigns":false,"_jetpack_memberships_contains_paid_content":false,"footnotes":""},"categories":[2,103],"tags":[],"class_list":["post-17164","post","type-post","status-publish","format-standard","has-post-thumbnail","hentry","category-locales","category-policiales-locales"],"aioseo_notices":[],"gutentor_comment":0,"jetpack_featured_media_url":"https:\/\/eldiariodesanpedro.com.ar\/sitio\/wp-content\/uploads\/2016\/05\/Policia.jpg","jetpack_shortlink":"https:\/\/wp.me\/p6RhLt-4sQ","jetpack_sharing_enabled":true,"_links":{"self":[{"href":"https:\/\/eldiariodesanpedro.com.ar\/sitio\/wp-json\/wp\/v2\/posts\/17164","targetHints":{"allow":["GET"]}}],"collection":[{"href":"https:\/\/eldiariodesanpedro.com.ar\/sitio\/wp-json\/wp\/v2\/posts"}],"about":[{"href":"https:\/\/eldiariodesanpedro.com.ar\/sitio\/wp-json\/wp\/v2\/types\/post"}],"author":[{"embeddable":true,"href":"https:\/\/eldiariodesanpedro.com.ar\/sitio\/wp-json\/wp\/v2\/users\/4"}],"replies":[{"embeddable":true,"href":"https:\/\/eldiariodesanpedro.com.ar\/sitio\/wp-json\/wp\/v2\/comments?post=17164"}],"version-history":[{"count":1,"href":"https:\/\/eldiariodesanpedro.com.ar\/sitio\/wp-json\/wp\/v2\/posts\/17164\/revisions"}],"predecessor-version":[{"id":17167,"href":"https:\/\/eldiariodesanpedro.com.ar\/sitio\/wp-json\/wp\/v2\/posts\/17164\/revisions\/17167"}],"wp:featuredmedia":[{"embeddable":true,"href":"https:\/\/eldiariodesanpedro.com.ar\/sitio\/wp-json\/wp\/v2\/media\/4366"}],"wp:attachment":[{"href":"https:\/\/eldiariodesanpedro.com.ar\/sitio\/wp-json\/wp\/v2\/media?parent=17164"}],"wp:term":[{"taxonomy":"category","embeddable":true,"href":"https:\/\/eldiariodesanpedro.com.ar\/sitio\/wp-json\/wp\/v2\/categories?post=17164"},{"taxonomy":"post_tag","embeddable":true,"href":"https:\/\/eldiariodesanpedro.com.ar\/sitio\/wp-json\/wp\/v2\/tags?post=17164"}],"curies":[{"name":"wp","href":"https:\/\/api.w.org\/{rel}","templated":true}]}}