{"id":17163,"date":"2017-04-09T18:53:28","date_gmt":"2017-04-09T21:53:28","guid":{"rendered":"https:\/\/eldiariodesanpedro.com.ar\/sitio\/?p=17163"},"modified":"2017-04-09T19:30:23","modified_gmt":"2017-04-09T22:30:23","slug":"varias-intervenciones-de-bomberos-incendio-de-un-micro-y-en-dos-viviendas","status":"publish","type":"post","link":"https:\/\/eldiariodesanpedro.com.ar\/sitio\/varias-intervenciones-de-bomberos-incendio-de-un-micro-y-en-dos-viviendas\/","title":{"rendered":"Varias intervenciones de Bomberos: Incendio de un micro y en dos viviendas"},"content":{"rendered":"<p><!-- VideographyWP Plugin Message: Automatic video embedding prevented by plugin options. --><br \/>\nCerca de las 06:30hs., los Bomberos Voluntarios fueron convocados a la calle Kennedy 60, donde se estaba incendiando un colectivo que se hallaba en la v\u00eda p\u00fablica.<\/p>\n<p>  La dotaci\u00f3n, a cargo del oficial H\u00e9ctor Keudell, pudo advertir en su llegada al lugar, que las llamas se extend\u00edan en el rodado de gran porte en forma generalizada.<\/p>\n<p>  Primeramente, se circunscribi\u00f3 el fuego para evitar que se propague y luego se lo sofoc\u00f3 r\u00e1pidamente. Momento despu\u00e9s, se llevaron a cabo tareas de remoci\u00f3n en el interior del mismo, con el objetivo de descartar que haya alg\u00fan foco a\u00fan.<\/p>\n<p>  Si bien no se sabe con exactitud que inici\u00f3 el siniestro, se cree que pudo haber sido un desperfecto t\u00e9cnico en la zona del tablero que luego se propag\u00f3 al resto del veh\u00edculo. Sin embargo, ser\u00e1 materia de investigaci\u00f3n por parte de peritos de polic\u00eda.<\/p>\n<p><strong>Dos incendios en la tarde del viernes <\/strong><\/p>\n<p>  El primer siniestro ocurri\u00f3 cerca de las 15:00hs., en una vivienda de calle Italia 800. Se desconocen los motivos que generaron el incendio, el cual se propag\u00f3 r\u00e1pidamente por dos habitaciones las que sufrieron la destrucci\u00f3n total, junto a los elementos que hab\u00eda en su interior.<\/p>\n<p>  Lo agentes atacaron las llamas mediante una l\u00ednea de ataque, pudiendo controlar el incendio luego de unos minutos.<\/p>\n<p>  Luego, pasadas las 18.30hs., ocurre el segundo siniestro en calle Mart\u00edn Fierro 660, se incendi\u00f3 la cocina de una casa y las llamas se extendieron hacia un pasillo de la misma. <\/p>\n","protected":false},"excerpt":{"rendered":"<p>Cerca de las 06:30hs., los Bomberos Voluntarios fueron convocados a la calle Kennedy 60, donde se estaba incendiando un colectivo que se hallaba en la v\u00eda p\u00fablica. La dotaci\u00f3n, a cargo del oficial H\u00e9ctor Keudell, pudo advertir en su llegada al lugar, que las llamas se extend\u00edan en el rodado de gran porte en forma [&hellip;]<\/p>\n","protected":false},"author":4,"featured_media":17182,"comment_status":"open","ping_status":"closed","sticky":false,"template":"","format":"standard","meta":{"om_disable_all_campaigns":false,"_jetpack_memberships_contains_paid_content":false,"footnotes":""},"categories":[101,2],"tags":[],"class_list":["post-17163","post","type-post","status-publish","format-standard","has-post-thumbnail","hentry","category-interes-general-locales","category-locales"],"aioseo_notices":[],"gutentor_comment":0,"jetpack_featured_media_url":"https:\/\/eldiariodesanpedro.com.ar\/sitio\/wp-content\/uploads\/2017\/04\/colectivo-incendiado.jpg","jetpack_shortlink":"https:\/\/wp.me\/p6RhLt-4sP","jetpack_sharing_enabled":true,"_links":{"self":[{"href":"https:\/\/eldiariodesanpedro.com.ar\/sitio\/wp-json\/wp\/v2\/posts\/17163","targetHints":{"allow":["GET"]}}],"collection":[{"href":"https:\/\/eldiariodesanpedro.com.ar\/sitio\/wp-json\/wp\/v2\/posts"}],"about":[{"href":"https:\/\/eldiariodesanpedro.com.ar\/sitio\/wp-json\/wp\/v2\/types\/post"}],"author":[{"embeddable":true,"href":"https:\/\/eldiariodesanpedro.com.ar\/sitio\/wp-json\/wp\/v2\/users\/4"}],"replies":[{"embeddable":true,"href":"https:\/\/eldiariodesanpedro.com.ar\/sitio\/wp-json\/wp\/v2\/comments?post=17163"}],"version-history":[{"count":1,"href":"https:\/\/eldiariodesanpedro.com.ar\/sitio\/wp-json\/wp\/v2\/posts\/17163\/revisions"}],"predecessor-version":[{"id":17165,"href":"https:\/\/eldiariodesanpedro.com.ar\/sitio\/wp-json\/wp\/v2\/posts\/17163\/revisions\/17165"}],"wp:featuredmedia":[{"embeddable":true,"href":"https:\/\/eldiariodesanpedro.com.ar\/sitio\/wp-json\/wp\/v2\/media\/17182"}],"wp:attachment":[{"href":"https:\/\/eldiariodesanpedro.com.ar\/sitio\/wp-json\/wp\/v2\/media?parent=17163"}],"wp:term":[{"taxonomy":"category","embeddable":true,"href":"https:\/\/eldiariodesanpedro.com.ar\/sitio\/wp-json\/wp\/v2\/categories?post=17163"},{"taxonomy":"post_tag","embeddable":true,"href":"https:\/\/eldiariodesanpedro.com.ar\/sitio\/wp-json\/wp\/v2\/tags?post=17163"}],"curies":[{"name":"wp","href":"https:\/\/api.w.org\/{rel}","templated":true}]}}