{"id":17160,"date":"2017-04-09T03:02:10","date_gmt":"2017-04-09T06:02:10","guid":{"rendered":"https:\/\/eldiariodesanpedro.com.ar\/sitio\/?p=17160"},"modified":"2017-04-09T03:02:10","modified_gmt":"2017-04-09T06:02:10","slug":"accidente-de-transito-entre-dos-vehiculos","status":"publish","type":"post","link":"https:\/\/eldiariodesanpedro.com.ar\/sitio\/accidente-de-transito-entre-dos-vehiculos\/","title":{"rendered":"Accidente de tr\u00e1nsito entre dos veh\u00edculos"},"content":{"rendered":"<p><!-- VideographyWP Plugin Message: Automatic video embedding prevented by plugin options. --><br \/>\nEn la madrugada de hoy cercanas las 02:00 hs. Se produjo un accidente de tr\u00e1nsito entre dos veh\u00edculos, una camioneta Toyota Hilux y un autom\u00f3vil Volkswagwen Gris en los dos circulaban una pareja de j\u00f3venes entre 20 y 25 a\u00f1os de edad.<\/p>\n<p>No sufrieron heridas ninguno de los ocupantes. <\/p>\n","protected":false},"excerpt":{"rendered":"<p>En la madrugada de hoy cercanas las 02:00 hs. Se produjo un accidente de tr\u00e1nsito entre dos veh\u00edculos, una camioneta Toyota Hilux y un autom\u00f3vil Volkswagwen Gris en los dos circulaban una pareja de j\u00f3venes entre 20 y 25 a\u00f1os de edad. No sufrieron heridas ninguno de los ocupantes.<\/p>\n","protected":false},"author":4,"featured_media":17161,"comment_status":"open","ping_status":"closed","sticky":false,"template":"","format":"standard","meta":{"om_disable_all_campaigns":false,"_jetpack_memberships_contains_paid_content":false,"footnotes":""},"categories":[50,2,103],"tags":[],"class_list":["post-17160","post","type-post","status-publish","format-standard","has-post-thumbnail","hentry","category-destacadas","category-locales","category-policiales-locales"],"aioseo_notices":[],"gutentor_comment":0,"jetpack_featured_media_url":"https:\/\/eldiariodesanpedro.com.ar\/sitio\/wp-content\/uploads\/2017\/04\/IMG-20170409-WA0010.jpg","jetpack_shortlink":"https:\/\/wp.me\/p6RhLt-4sM","jetpack_sharing_enabled":true,"_links":{"self":[{"href":"https:\/\/eldiariodesanpedro.com.ar\/sitio\/wp-json\/wp\/v2\/posts\/17160","targetHints":{"allow":["GET"]}}],"collection":[{"href":"https:\/\/eldiariodesanpedro.com.ar\/sitio\/wp-json\/wp\/v2\/posts"}],"about":[{"href":"https:\/\/eldiariodesanpedro.com.ar\/sitio\/wp-json\/wp\/v2\/types\/post"}],"author":[{"embeddable":true,"href":"https:\/\/eldiariodesanpedro.com.ar\/sitio\/wp-json\/wp\/v2\/users\/4"}],"replies":[{"embeddable":true,"href":"https:\/\/eldiariodesanpedro.com.ar\/sitio\/wp-json\/wp\/v2\/comments?post=17160"}],"version-history":[{"count":1,"href":"https:\/\/eldiariodesanpedro.com.ar\/sitio\/wp-json\/wp\/v2\/posts\/17160\/revisions"}],"predecessor-version":[{"id":17162,"href":"https:\/\/eldiariodesanpedro.com.ar\/sitio\/wp-json\/wp\/v2\/posts\/17160\/revisions\/17162"}],"wp:featuredmedia":[{"embeddable":true,"href":"https:\/\/eldiariodesanpedro.com.ar\/sitio\/wp-json\/wp\/v2\/media\/17161"}],"wp:attachment":[{"href":"https:\/\/eldiariodesanpedro.com.ar\/sitio\/wp-json\/wp\/v2\/media?parent=17160"}],"wp:term":[{"taxonomy":"category","embeddable":true,"href":"https:\/\/eldiariodesanpedro.com.ar\/sitio\/wp-json\/wp\/v2\/categories?post=17160"},{"taxonomy":"post_tag","embeddable":true,"href":"https:\/\/eldiariodesanpedro.com.ar\/sitio\/wp-json\/wp\/v2\/tags?post=17160"}],"curies":[{"name":"wp","href":"https:\/\/api.w.org\/{rel}","templated":true}]}}