{"id":17158,"date":"2017-04-08T15:08:16","date_gmt":"2017-04-08T18:08:16","guid":{"rendered":"https:\/\/eldiariodesanpedro.com.ar\/sitio\/?p=17158"},"modified":"2017-04-08T15:08:16","modified_gmt":"2017-04-08T18:08:16","slug":"por-el-femicidio-de-micaela-hoy-se-convoca-a-una-marcha-en-san-pedro","status":"publish","type":"post","link":"https:\/\/eldiariodesanpedro.com.ar\/sitio\/por-el-femicidio-de-micaela-hoy-se-convoca-a-una-marcha-en-san-pedro\/","title":{"rendered":"Por el femicidio de Micaela, hoy se convoca a una marcha en San Pedro"},"content":{"rendered":"<p><!-- VideographyWP Plugin Message: Automatic video embedding prevented by plugin options. --><br \/>\nHace un mes march\u00e1bamos en todo el mundo para pedir que dejen de matarnos. Hoy, con el pa\u00eds conmocionado por el femicidio de Micaela, volvemos a las calles. Porque a Micaela la mat\u00f3 el patriarcado y el sistema judicial c\u00f3mplice que permiti\u00f3 que un condenado dos veces por violaci\u00f3n fuera por m\u00e1s y matara a la tercera. <\/p>\n<p>Porque es Micaela, pero tambi\u00e9n es Mar\u00eda Bel\u00e9n, violada y asesinada el domingo en Misiones; es Melina, la joven salte\u00f1a que fue baleada por su expareja, Mariela, quemada por su novio en Remedios de Escalada, sos vos, es tu hija, es tu hermana, es tu novia, es la madre que te pari\u00f3. <\/p>\n<p>#BastaDeMatarnos #VivasNosQueremos #NiUnaMenos #JusticiaPorMicaela<\/p>\n<p>NOS JUNTAMOS HOY A LAS 18.00 EN LA PEATONAL DE SAN PEDRO.<\/p>\n<p>Convocan: Movimiento de Mujeres Sampedrinas Minerva Mirabal &#8211; Libres de Miedo.<\/p>\n","protected":false},"excerpt":{"rendered":"<p>Hace un mes march\u00e1bamos en todo el mundo para pedir que dejen de matarnos. Hoy, con el pa\u00eds conmocionado por el femicidio de Micaela, volvemos a las calles. Porque a Micaela la mat\u00f3 el patriarcado y el sistema judicial c\u00f3mplice que permiti\u00f3 que un condenado dos veces por violaci\u00f3n fuera por m\u00e1s y matara a [&hellip;]<\/p>\n","protected":false},"author":4,"featured_media":8732,"comment_status":"open","ping_status":"closed","sticky":false,"template":"","format":"standard","meta":{"om_disable_all_campaigns":false,"_jetpack_memberships_contains_paid_content":false,"footnotes":""},"categories":[50,101,2],"tags":[],"class_list":["post-17158","post","type-post","status-publish","format-standard","has-post-thumbnail","hentry","category-destacadas","category-interes-general-locales","category-locales"],"aioseo_notices":[],"gutentor_comment":0,"jetpack_featured_media_url":"https:\/\/eldiariodesanpedro.com.ar\/sitio\/wp-content\/uploads\/2016\/10\/Marcha-1.jpg","jetpack_shortlink":"https:\/\/wp.me\/p6RhLt-4sK","jetpack_sharing_enabled":true,"_links":{"self":[{"href":"https:\/\/eldiariodesanpedro.com.ar\/sitio\/wp-json\/wp\/v2\/posts\/17158","targetHints":{"allow":["GET"]}}],"collection":[{"href":"https:\/\/eldiariodesanpedro.com.ar\/sitio\/wp-json\/wp\/v2\/posts"}],"about":[{"href":"https:\/\/eldiariodesanpedro.com.ar\/sitio\/wp-json\/wp\/v2\/types\/post"}],"author":[{"embeddable":true,"href":"https:\/\/eldiariodesanpedro.com.ar\/sitio\/wp-json\/wp\/v2\/users\/4"}],"replies":[{"embeddable":true,"href":"https:\/\/eldiariodesanpedro.com.ar\/sitio\/wp-json\/wp\/v2\/comments?post=17158"}],"version-history":[{"count":1,"href":"https:\/\/eldiariodesanpedro.com.ar\/sitio\/wp-json\/wp\/v2\/posts\/17158\/revisions"}],"predecessor-version":[{"id":17159,"href":"https:\/\/eldiariodesanpedro.com.ar\/sitio\/wp-json\/wp\/v2\/posts\/17158\/revisions\/17159"}],"wp:featuredmedia":[{"embeddable":true,"href":"https:\/\/eldiariodesanpedro.com.ar\/sitio\/wp-json\/wp\/v2\/media\/8732"}],"wp:attachment":[{"href":"https:\/\/eldiariodesanpedro.com.ar\/sitio\/wp-json\/wp\/v2\/media?parent=17158"}],"wp:term":[{"taxonomy":"category","embeddable":true,"href":"https:\/\/eldiariodesanpedro.com.ar\/sitio\/wp-json\/wp\/v2\/categories?post=17158"},{"taxonomy":"post_tag","embeddable":true,"href":"https:\/\/eldiariodesanpedro.com.ar\/sitio\/wp-json\/wp\/v2\/tags?post=17158"}],"curies":[{"name":"wp","href":"https:\/\/api.w.org\/{rel}","templated":true}]}}