{"id":17156,"date":"2017-04-08T11:12:32","date_gmt":"2017-04-08T14:12:32","guid":{"rendered":"https:\/\/eldiariodesanpedro.com.ar\/sitio\/?p=17156"},"modified":"2017-04-08T11:12:32","modified_gmt":"2017-04-08T14:12:32","slug":"clausuraron-alternativo-disco","status":"publish","type":"post","link":"https:\/\/eldiariodesanpedro.com.ar\/sitio\/clausuraron-alternativo-disco\/","title":{"rendered":"Clausuraron Alternativo Disco"},"content":{"rendered":"<p><!-- VideographyWP Plugin Message: Automatic video embedding prevented by plugin options. --><br \/>\nEsta madruga cercanas las 5:00 hs la direcci\u00f3n de tr\u00e1nsito y nocturnidad con el apoyo de la polic\u00eda de la comisar\u00eda local se realiz\u00f3 la clausura del local bailable Alternativo ubicado en calle Mitre al 1000, donde los agentes pudieron constatar que la discoteca hab\u00eda superado el factor ocupacional. <\/p>\n","protected":false},"excerpt":{"rendered":"<p>Esta madruga cercanas las 5:00 hs la direcci\u00f3n de tr\u00e1nsito y nocturnidad con el apoyo de la polic\u00eda de la comisar\u00eda local se realiz\u00f3 la clausura del local bailable Alternativo ubicado en calle Mitre al 1000, donde los agentes pudieron constatar que la discoteca hab\u00eda superado el factor ocupacional.<\/p>\n","protected":false},"author":4,"featured_media":15831,"comment_status":"open","ping_status":"closed","sticky":false,"template":"","format":"standard","meta":{"om_disable_all_campaigns":false,"_jetpack_memberships_contains_paid_content":false,"footnotes":""},"categories":[2,103],"tags":[],"class_list":["post-17156","post","type-post","status-publish","format-standard","has-post-thumbnail","hentry","category-locales","category-policiales-locales"],"aioseo_notices":[],"gutentor_comment":0,"jetpack_featured_media_url":"https:\/\/eldiariodesanpedro.com.ar\/sitio\/wp-content\/uploads\/2017\/03\/IMG_20170312_023731399-e1489354425103.jpg","jetpack_shortlink":"https:\/\/wp.me\/p6RhLt-4sI","jetpack_sharing_enabled":true,"_links":{"self":[{"href":"https:\/\/eldiariodesanpedro.com.ar\/sitio\/wp-json\/wp\/v2\/posts\/17156","targetHints":{"allow":["GET"]}}],"collection":[{"href":"https:\/\/eldiariodesanpedro.com.ar\/sitio\/wp-json\/wp\/v2\/posts"}],"about":[{"href":"https:\/\/eldiariodesanpedro.com.ar\/sitio\/wp-json\/wp\/v2\/types\/post"}],"author":[{"embeddable":true,"href":"https:\/\/eldiariodesanpedro.com.ar\/sitio\/wp-json\/wp\/v2\/users\/4"}],"replies":[{"embeddable":true,"href":"https:\/\/eldiariodesanpedro.com.ar\/sitio\/wp-json\/wp\/v2\/comments?post=17156"}],"version-history":[{"count":1,"href":"https:\/\/eldiariodesanpedro.com.ar\/sitio\/wp-json\/wp\/v2\/posts\/17156\/revisions"}],"predecessor-version":[{"id":17157,"href":"https:\/\/eldiariodesanpedro.com.ar\/sitio\/wp-json\/wp\/v2\/posts\/17156\/revisions\/17157"}],"wp:featuredmedia":[{"embeddable":true,"href":"https:\/\/eldiariodesanpedro.com.ar\/sitio\/wp-json\/wp\/v2\/media\/15831"}],"wp:attachment":[{"href":"https:\/\/eldiariodesanpedro.com.ar\/sitio\/wp-json\/wp\/v2\/media?parent=17156"}],"wp:term":[{"taxonomy":"category","embeddable":true,"href":"https:\/\/eldiariodesanpedro.com.ar\/sitio\/wp-json\/wp\/v2\/categories?post=17156"},{"taxonomy":"post_tag","embeddable":true,"href":"https:\/\/eldiariodesanpedro.com.ar\/sitio\/wp-json\/wp\/v2\/tags?post=17156"}],"curies":[{"name":"wp","href":"https:\/\/api.w.org\/{rel}","templated":true}]}}