{"id":17154,"date":"2017-04-08T11:02:25","date_gmt":"2017-04-08T14:02:25","guid":{"rendered":"https:\/\/eldiariodesanpedro.com.ar\/sitio\/?p=17154"},"modified":"2017-04-08T11:02:25","modified_gmt":"2017-04-08T14:02:25","slug":"secuestran-una-moto-con-pedido-de-captura","status":"publish","type":"post","link":"https:\/\/eldiariodesanpedro.com.ar\/sitio\/secuestran-una-moto-con-pedido-de-captura\/","title":{"rendered":"Secuestran una moto con pedido de captura"},"content":{"rendered":"<p><!-- VideographyWP Plugin Message: Automatic video embedding prevented by plugin options. --><br \/>\nPolic\u00eda local en conjunto con efectivo de la comisar\u00eda local en horas de la tarde en la intersecci\u00f3n de las calles Mitre y Lavalle se intercept\u00f3 una motocicleta Gilera Smash 110 cc que era conducido por una mujer de 25 a\u00f1os de edad. <\/p>\n<p>Al enviar el n\u00famero de chasis y motor a la radio estaci\u00f3n San Nicol\u00e1s se pudo determinar que el veh\u00edculo presentaba pedido de captura activo  motivo por el cual fue trasladado a la comisar\u00eda local junto con la conductora. <\/p>\n","protected":false},"excerpt":{"rendered":"<p>Polic\u00eda local en conjunto con efectivo de la comisar\u00eda local en horas de la tarde en la intersecci\u00f3n de las calles Mitre y Lavalle se intercept\u00f3 una motocicleta Gilera Smash 110 cc que era conducido por una mujer de 25 a\u00f1os de edad. Al enviar el n\u00famero de chasis y motor a la radio estaci\u00f3n [&hellip;]<\/p>\n","protected":false},"author":4,"featured_media":11797,"comment_status":"open","ping_status":"closed","sticky":false,"template":"","format":"standard","meta":{"om_disable_all_campaigns":false,"_jetpack_memberships_contains_paid_content":false,"footnotes":""},"categories":[2,103],"tags":[],"class_list":["post-17154","post","type-post","status-publish","format-standard","has-post-thumbnail","hentry","category-locales","category-policiales-locales"],"aioseo_notices":[],"gutentor_comment":0,"jetpack_featured_media_url":"https:\/\/eldiariodesanpedro.com.ar\/sitio\/wp-content\/uploads\/2016\/12\/moto-secuestrada.jpg","jetpack_shortlink":"https:\/\/wp.me\/p6RhLt-4sG","jetpack_sharing_enabled":true,"_links":{"self":[{"href":"https:\/\/eldiariodesanpedro.com.ar\/sitio\/wp-json\/wp\/v2\/posts\/17154","targetHints":{"allow":["GET"]}}],"collection":[{"href":"https:\/\/eldiariodesanpedro.com.ar\/sitio\/wp-json\/wp\/v2\/posts"}],"about":[{"href":"https:\/\/eldiariodesanpedro.com.ar\/sitio\/wp-json\/wp\/v2\/types\/post"}],"author":[{"embeddable":true,"href":"https:\/\/eldiariodesanpedro.com.ar\/sitio\/wp-json\/wp\/v2\/users\/4"}],"replies":[{"embeddable":true,"href":"https:\/\/eldiariodesanpedro.com.ar\/sitio\/wp-json\/wp\/v2\/comments?post=17154"}],"version-history":[{"count":1,"href":"https:\/\/eldiariodesanpedro.com.ar\/sitio\/wp-json\/wp\/v2\/posts\/17154\/revisions"}],"predecessor-version":[{"id":17155,"href":"https:\/\/eldiariodesanpedro.com.ar\/sitio\/wp-json\/wp\/v2\/posts\/17154\/revisions\/17155"}],"wp:featuredmedia":[{"embeddable":true,"href":"https:\/\/eldiariodesanpedro.com.ar\/sitio\/wp-json\/wp\/v2\/media\/11797"}],"wp:attachment":[{"href":"https:\/\/eldiariodesanpedro.com.ar\/sitio\/wp-json\/wp\/v2\/media?parent=17154"}],"wp:term":[{"taxonomy":"category","embeddable":true,"href":"https:\/\/eldiariodesanpedro.com.ar\/sitio\/wp-json\/wp\/v2\/categories?post=17154"},{"taxonomy":"post_tag","embeddable":true,"href":"https:\/\/eldiariodesanpedro.com.ar\/sitio\/wp-json\/wp\/v2\/tags?post=17154"}],"curies":[{"name":"wp","href":"https:\/\/api.w.org\/{rel}","templated":true}]}}