{"id":17152,"date":"2017-04-08T10:49:33","date_gmt":"2017-04-08T13:49:33","guid":{"rendered":"https:\/\/eldiariodesanpedro.com.ar\/sitio\/?p=17152"},"modified":"2017-04-08T10:49:33","modified_gmt":"2017-04-08T13:49:33","slug":"una-joven-de-20-anos-atropello-a-un-policia-local-y-un-inspector","status":"publish","type":"post","link":"https:\/\/eldiariodesanpedro.com.ar\/sitio\/una-joven-de-20-anos-atropello-a-un-policia-local-y-un-inspector\/","title":{"rendered":"Una joven de 20 a\u00f1os atropello a un polic\u00eda local y un inspector"},"content":{"rendered":"<p><!-- VideographyWP Plugin Message: Automatic video embedding prevented by plugin options. --><br \/>\nEn la tarde de ayer siendo las 19:00 hs mientras se realizaba un operativo de tr\u00e1nsito en la zona c\u00e9ntrica se produce un hecho de violencia entre una mujer de 20 a\u00f1os de edad que al momento de entregar su veh\u00edculo por falta de papeles fue detenida por desobediencia y lesiones. <\/p>\n<p>Todo ocurri\u00f3 cuando al tratar de detenerla en vez de frenar aceler\u00f3 para darse a la fuga de esta manera atropellando a un polic\u00eda local primero y a un inspector. Provoc\u00e1ndole a ambos lesi\u00f3nes de car\u00e1cter leve en sus piernas. <\/p>\n<p>Esta mujer fue trasladada a la comisar\u00eda local donde se le realizaron las actuaciones necesarias. <\/p>\n","protected":false},"excerpt":{"rendered":"<p>En la tarde de ayer siendo las 19:00 hs mientras se realizaba un operativo de tr\u00e1nsito en la zona c\u00e9ntrica se produce un hecho de violencia entre una mujer de 20 a\u00f1os de edad que al momento de entregar su veh\u00edculo por falta de papeles fue detenida por desobediencia y lesiones. Todo ocurri\u00f3 cuando al [&hellip;]<\/p>\n","protected":false},"author":4,"featured_media":12840,"comment_status":"open","ping_status":"closed","sticky":false,"template":"","format":"standard","meta":{"om_disable_all_campaigns":false,"_jetpack_memberships_contains_paid_content":false,"footnotes":""},"categories":[50,2,103],"tags":[],"class_list":["post-17152","post","type-post","status-publish","format-standard","has-post-thumbnail","hentry","category-destacadas","category-locales","category-policiales-locales"],"aioseo_notices":[],"gutentor_comment":0,"jetpack_featured_media_url":"https:\/\/eldiariodesanpedro.com.ar\/sitio\/wp-content\/uploads\/2017\/01\/movil-inspeccion-municipalidad-san-pedro.jpg","jetpack_shortlink":"https:\/\/wp.me\/p6RhLt-4sE","jetpack_sharing_enabled":true,"_links":{"self":[{"href":"https:\/\/eldiariodesanpedro.com.ar\/sitio\/wp-json\/wp\/v2\/posts\/17152","targetHints":{"allow":["GET"]}}],"collection":[{"href":"https:\/\/eldiariodesanpedro.com.ar\/sitio\/wp-json\/wp\/v2\/posts"}],"about":[{"href":"https:\/\/eldiariodesanpedro.com.ar\/sitio\/wp-json\/wp\/v2\/types\/post"}],"author":[{"embeddable":true,"href":"https:\/\/eldiariodesanpedro.com.ar\/sitio\/wp-json\/wp\/v2\/users\/4"}],"replies":[{"embeddable":true,"href":"https:\/\/eldiariodesanpedro.com.ar\/sitio\/wp-json\/wp\/v2\/comments?post=17152"}],"version-history":[{"count":1,"href":"https:\/\/eldiariodesanpedro.com.ar\/sitio\/wp-json\/wp\/v2\/posts\/17152\/revisions"}],"predecessor-version":[{"id":17153,"href":"https:\/\/eldiariodesanpedro.com.ar\/sitio\/wp-json\/wp\/v2\/posts\/17152\/revisions\/17153"}],"wp:featuredmedia":[{"embeddable":true,"href":"https:\/\/eldiariodesanpedro.com.ar\/sitio\/wp-json\/wp\/v2\/media\/12840"}],"wp:attachment":[{"href":"https:\/\/eldiariodesanpedro.com.ar\/sitio\/wp-json\/wp\/v2\/media?parent=17152"}],"wp:term":[{"taxonomy":"category","embeddable":true,"href":"https:\/\/eldiariodesanpedro.com.ar\/sitio\/wp-json\/wp\/v2\/categories?post=17152"},{"taxonomy":"post_tag","embeddable":true,"href":"https:\/\/eldiariodesanpedro.com.ar\/sitio\/wp-json\/wp\/v2\/tags?post=17152"}],"curies":[{"name":"wp","href":"https:\/\/api.w.org\/{rel}","templated":true}]}}