{"id":17148,"date":"2017-04-08T10:37:26","date_gmt":"2017-04-08T13:37:26","guid":{"rendered":"https:\/\/eldiariodesanpedro.com.ar\/sitio\/?p=17148"},"modified":"2017-04-08T10:39:05","modified_gmt":"2017-04-08T13:39:05","slug":"se-realizo-un-allanamiento-con-resultado-positivo","status":"publish","type":"post","link":"https:\/\/eldiariodesanpedro.com.ar\/sitio\/se-realizo-un-allanamiento-con-resultado-positivo\/","title":{"rendered":"Se realiz\u00f3 un allanamiento con resultado positivo"},"content":{"rendered":"<p><!-- VideographyWP Plugin Message: Automatic video embedding prevented by plugin options. --><br \/>\nEn el d\u00eda de ayer alrededor de las 19:00 hs se llev\u00f3 a cabo en Facundo Quiroga 1700 un allanamiento ordenado por la Fiscal\u00eda N 5 donde se pudo lograr secuestrar un revolver calibre 22 con 7 proyectiles y una escopeta calibre 16. <\/p>\n<p>Se aprehendio a una hombre de 28 a\u00f1os de edad imputado por la tenencia ilegal de armas. <\/p>\n","protected":false},"excerpt":{"rendered":"<p>En el d\u00eda de ayer alrededor de las 19:00 hs se llev\u00f3 a cabo en Facundo Quiroga 1700 un allanamiento ordenado por la Fiscal\u00eda N 5 donde se pudo lograr secuestrar un revolver calibre 22 con 7 proyectiles y una escopeta calibre 16. Se aprehendio a una hombre de 28 a\u00f1os de edad imputado por [&hellip;]<\/p>\n","protected":false},"author":4,"featured_media":17149,"comment_status":"open","ping_status":"closed","sticky":false,"template":"","format":"standard","meta":{"om_disable_all_campaigns":false,"_jetpack_memberships_contains_paid_content":false,"footnotes":""},"categories":[2,103],"tags":[],"class_list":["post-17148","post","type-post","status-publish","format-standard","has-post-thumbnail","hentry","category-locales","category-policiales-locales"],"aioseo_notices":[],"gutentor_comment":0,"jetpack_featured_media_url":"https:\/\/eldiariodesanpedro.com.ar\/sitio\/wp-content\/uploads\/2017\/04\/secuestro-01.jpeg","jetpack_shortlink":"https:\/\/wp.me\/p6RhLt-4sA","jetpack_sharing_enabled":true,"_links":{"self":[{"href":"https:\/\/eldiariodesanpedro.com.ar\/sitio\/wp-json\/wp\/v2\/posts\/17148","targetHints":{"allow":["GET"]}}],"collection":[{"href":"https:\/\/eldiariodesanpedro.com.ar\/sitio\/wp-json\/wp\/v2\/posts"}],"about":[{"href":"https:\/\/eldiariodesanpedro.com.ar\/sitio\/wp-json\/wp\/v2\/types\/post"}],"author":[{"embeddable":true,"href":"https:\/\/eldiariodesanpedro.com.ar\/sitio\/wp-json\/wp\/v2\/users\/4"}],"replies":[{"embeddable":true,"href":"https:\/\/eldiariodesanpedro.com.ar\/sitio\/wp-json\/wp\/v2\/comments?post=17148"}],"version-history":[{"count":2,"href":"https:\/\/eldiariodesanpedro.com.ar\/sitio\/wp-json\/wp\/v2\/posts\/17148\/revisions"}],"predecessor-version":[{"id":17151,"href":"https:\/\/eldiariodesanpedro.com.ar\/sitio\/wp-json\/wp\/v2\/posts\/17148\/revisions\/17151"}],"wp:featuredmedia":[{"embeddable":true,"href":"https:\/\/eldiariodesanpedro.com.ar\/sitio\/wp-json\/wp\/v2\/media\/17149"}],"wp:attachment":[{"href":"https:\/\/eldiariodesanpedro.com.ar\/sitio\/wp-json\/wp\/v2\/media?parent=17148"}],"wp:term":[{"taxonomy":"category","embeddable":true,"href":"https:\/\/eldiariodesanpedro.com.ar\/sitio\/wp-json\/wp\/v2\/categories?post=17148"},{"taxonomy":"post_tag","embeddable":true,"href":"https:\/\/eldiariodesanpedro.com.ar\/sitio\/wp-json\/wp\/v2\/tags?post=17148"}],"curies":[{"name":"wp","href":"https:\/\/api.w.org\/{rel}","templated":true}]}}