{"id":17144,"date":"2017-04-08T10:28:09","date_gmt":"2017-04-08T13:28:09","guid":{"rendered":"https:\/\/eldiariodesanpedro.com.ar\/sitio\/?p=17144"},"modified":"2017-04-08T10:28:09","modified_gmt":"2017-04-08T13:28:09","slug":"se-incendio-un-colectivo","status":"publish","type":"post","link":"https:\/\/eldiariodesanpedro.com.ar\/sitio\/se-incendio-un-colectivo\/","title":{"rendered":"Se incendio un colectivo"},"content":{"rendered":"<p><!-- VideographyWP Plugin Message: Automatic video embedding prevented by plugin options. --><br \/>\nEsta ma\u00f1ana alrededor de las 6:30 hs Bomberos Voluntarios se hicieron presente en calle Kennedy al 60 donde se incendio un colectivo que se encontraba en la calle. <\/p>\n<p>Primeramente se circunscribi\u00f3 el fuego para evitar que se propague y luego se lo sofoc\u00f3 r\u00e1pidamente. Momento despu\u00e9s se llevaron a cabo tareas de remoci\u00f3n en el interior del mismo con el objetivo de descartar que haya alg\u00fan foco a\u00fan.<\/p>\n<p>Se supone que el incendio comenz\u00f3 con alg\u00fan desperfecto en el tablero. Lo que habr\u00eda provocado alguna chispa que diera comienzo al fuego. <\/p>\n","protected":false},"excerpt":{"rendered":"<p>Esta ma\u00f1ana alrededor de las 6:30 hs Bomberos Voluntarios se hicieron presente en calle Kennedy al 60 donde se incendio un colectivo que se encontraba en la calle. Primeramente se circunscribi\u00f3 el fuego para evitar que se propague y luego se lo sofoc\u00f3 r\u00e1pidamente. Momento despu\u00e9s se llevaron a cabo tareas de remoci\u00f3n en el [&hellip;]<\/p>\n","protected":false},"author":4,"featured_media":17146,"comment_status":"open","ping_status":"closed","sticky":false,"template":"","format":"standard","meta":{"om_disable_all_campaigns":false,"_jetpack_memberships_contains_paid_content":false,"footnotes":""},"categories":[50,2,103],"tags":[],"class_list":["post-17144","post","type-post","status-publish","format-standard","has-post-thumbnail","hentry","category-destacadas","category-locales","category-policiales-locales"],"aioseo_notices":[],"gutentor_comment":0,"jetpack_featured_media_url":"https:\/\/eldiariodesanpedro.com.ar\/sitio\/wp-content\/uploads\/2017\/04\/IMG_20170408_102732.jpg","jetpack_shortlink":"https:\/\/wp.me\/p6RhLt-4sw","jetpack_sharing_enabled":true,"_links":{"self":[{"href":"https:\/\/eldiariodesanpedro.com.ar\/sitio\/wp-json\/wp\/v2\/posts\/17144","targetHints":{"allow":["GET"]}}],"collection":[{"href":"https:\/\/eldiariodesanpedro.com.ar\/sitio\/wp-json\/wp\/v2\/posts"}],"about":[{"href":"https:\/\/eldiariodesanpedro.com.ar\/sitio\/wp-json\/wp\/v2\/types\/post"}],"author":[{"embeddable":true,"href":"https:\/\/eldiariodesanpedro.com.ar\/sitio\/wp-json\/wp\/v2\/users\/4"}],"replies":[{"embeddable":true,"href":"https:\/\/eldiariodesanpedro.com.ar\/sitio\/wp-json\/wp\/v2\/comments?post=17144"}],"version-history":[{"count":1,"href":"https:\/\/eldiariodesanpedro.com.ar\/sitio\/wp-json\/wp\/v2\/posts\/17144\/revisions"}],"predecessor-version":[{"id":17147,"href":"https:\/\/eldiariodesanpedro.com.ar\/sitio\/wp-json\/wp\/v2\/posts\/17144\/revisions\/17147"}],"wp:featuredmedia":[{"embeddable":true,"href":"https:\/\/eldiariodesanpedro.com.ar\/sitio\/wp-json\/wp\/v2\/media\/17146"}],"wp:attachment":[{"href":"https:\/\/eldiariodesanpedro.com.ar\/sitio\/wp-json\/wp\/v2\/media?parent=17144"}],"wp:term":[{"taxonomy":"category","embeddable":true,"href":"https:\/\/eldiariodesanpedro.com.ar\/sitio\/wp-json\/wp\/v2\/categories?post=17144"},{"taxonomy":"post_tag","embeddable":true,"href":"https:\/\/eldiariodesanpedro.com.ar\/sitio\/wp-json\/wp\/v2\/tags?post=17144"}],"curies":[{"name":"wp","href":"https:\/\/api.w.org\/{rel}","templated":true}]}}