{"id":17137,"date":"2017-04-07T21:07:30","date_gmt":"2017-04-08T00:07:30","guid":{"rendered":"https:\/\/eldiariodesanpedro.com.ar\/sitio\/?p=17137"},"modified":"2026-01-24T00:26:44","modified_gmt":"2026-01-24T03:26:44","slug":"futbol-infantil-manana-3ra-fecha-del-torneo-apertura","status":"publish","type":"post","link":"https:\/\/eldiariodesanpedro.com.ar\/sitio\/futbol-infantil-manana-3ra-fecha-del-torneo-apertura\/","title":{"rendered":"F\u00daTBOL INFANTIL: Ma\u00f1ana, 3ra fecha del Torneo Apertura"},"content":{"rendered":"<p><!-- VideographyWP Plugin Message: Automatic video embedding prevented by plugin options. --><br \/>\nLos horarios para la tercera jornada a jugarse este s\u00e1bado son los siguientes:<\/p>\n<p><strong>12.00 hs.<\/strong><br \/>\nV. Igoillo vs. Rivadavia<\/p>\n<p><strong>13.00 hs.<\/strong><br \/>\nEl Tanque vs. Am\u00e9rica<br \/>\nCosta Azul vs. Paran\u00e1 FC<br \/>\nSportivo vs. El Porvenir<br \/>\nRacing\t vs. Independiente<br \/>\nC. C\u00f3rdoba vs. Independencia FC<br \/>\nSan Roque vs. C. A. Mitre<br \/>\nGral. San Mart\u00edn vs. Los Andes<br \/>\nDef. Unidos vs. Atl\u00e9tico<br \/>\nDep. Alsina vs. Fundici\u00f3n<br \/>\nAgricultores vs. Pescadores<br \/>\nLibre:\tCastro FC\t<\/p>\n","protected":false},"excerpt":{"rendered":"<p>Los horarios para la tercera jornada a jugarse este s\u00e1bado son los siguientes: 12.00 hs. V. Igoillo vs. Rivadavia 13.00 hs. El Tanque vs. Am\u00e9rica Costa Azul vs. Paran\u00e1 FC Sportivo vs. El Porvenir Racing vs. Independiente C. C\u00f3rdoba vs. Independencia FC San Roque vs. C. A. Mitre Gral. San Mart\u00edn vs. Los Andes Def. [&hellip;]<\/p>\n","protected":false},"author":4,"featured_media":12943,"comment_status":"open","ping_status":"closed","sticky":false,"template":"","format":"standard","meta":{"om_disable_all_campaigns":false,"_jetpack_memberships_contains_paid_content":false,"footnotes":""},"categories":[5],"tags":[],"class_list":["post-17137","post","type-post","status-publish","format-standard","has-post-thumbnail","hentry","category-deportes"],"aioseo_notices":[],"gutentor_comment":0,"jetpack_featured_media_url":"https:\/\/eldiariodesanpedro.com.ar\/sitio\/wp-content\/uploads\/2017\/01\/futbol.jpg","jetpack_shortlink":"https:\/\/wp.me\/p6RhLt-4sp","jetpack_sharing_enabled":true,"_links":{"self":[{"href":"https:\/\/eldiariodesanpedro.com.ar\/sitio\/wp-json\/wp\/v2\/posts\/17137","targetHints":{"allow":["GET"]}}],"collection":[{"href":"https:\/\/eldiariodesanpedro.com.ar\/sitio\/wp-json\/wp\/v2\/posts"}],"about":[{"href":"https:\/\/eldiariodesanpedro.com.ar\/sitio\/wp-json\/wp\/v2\/types\/post"}],"author":[{"embeddable":true,"href":"https:\/\/eldiariodesanpedro.com.ar\/sitio\/wp-json\/wp\/v2\/users\/4"}],"replies":[{"embeddable":true,"href":"https:\/\/eldiariodesanpedro.com.ar\/sitio\/wp-json\/wp\/v2\/comments?post=17137"}],"version-history":[{"count":1,"href":"https:\/\/eldiariodesanpedro.com.ar\/sitio\/wp-json\/wp\/v2\/posts\/17137\/revisions"}],"predecessor-version":[{"id":17138,"href":"https:\/\/eldiariodesanpedro.com.ar\/sitio\/wp-json\/wp\/v2\/posts\/17137\/revisions\/17138"}],"wp:featuredmedia":[{"embeddable":true,"href":"https:\/\/eldiariodesanpedro.com.ar\/sitio\/wp-json\/wp\/v2\/media\/12943"}],"wp:attachment":[{"href":"https:\/\/eldiariodesanpedro.com.ar\/sitio\/wp-json\/wp\/v2\/media?parent=17137"}],"wp:term":[{"taxonomy":"category","embeddable":true,"href":"https:\/\/eldiariodesanpedro.com.ar\/sitio\/wp-json\/wp\/v2\/categories?post=17137"},{"taxonomy":"post_tag","embeddable":true,"href":"https:\/\/eldiariodesanpedro.com.ar\/sitio\/wp-json\/wp\/v2\/tags?post=17137"}],"curies":[{"name":"wp","href":"https:\/\/api.w.org\/{rel}","templated":true}]}}