{"id":17132,"date":"2017-04-07T20:57:53","date_gmt":"2017-04-07T23:57:53","guid":{"rendered":"https:\/\/eldiariodesanpedro.com.ar\/sitio\/?p=17132"},"modified":"2026-01-24T00:26:44","modified_gmt":"2026-01-24T03:26:44","slug":"futbol-local-solo-un-cambio-en-la-programacion-de-la-tercera-fecha-del-apertura","status":"publish","type":"post","link":"https:\/\/eldiariodesanpedro.com.ar\/sitio\/futbol-local-solo-un-cambio-en-la-programacion-de-la-tercera-fecha-del-apertura\/","title":{"rendered":"F\u00daTBOL LOCAL: S\u00f3lo un cambio en la programaci\u00f3n de la tercera fecha del Apertura"},"content":{"rendered":"<p><!-- VideographyWP Plugin Message: Automatic video embedding prevented by plugin options. --><br \/>\n  El Torneo Apertura \u00abPedro Barri\u00bb continuar\u00e1 el pr\u00f3ximo fin de semana, luego de la suspensi\u00f3n del pasado domingo por lluvia, s\u00f3lo con las divisiones sexta, segunda y primera. El \u00fanico cambio, es el d\u00eda del partido de Sportivo ante Atl\u00e9tico, ya que el \u00abnegro\u00bb juega el domingo por el Torneo Federal C en San Nicol\u00e1s, ante SOMISA.<\/p>\n<p><strong>  3ra Fecha &#8211; domingo 9 de abril: Primera, segunda y sexta divisi\u00f3n: 16.15 hs.\/14.30 hs.\/13.00 hs.<\/strong><\/p>\n<p><em>Zona \u00abA\u00bb<\/em><br \/>\nIndependencia F. C. vs. C. A. Banfield<br \/>\nC. A. Mitre vs. La Esperanza <\/p>\n<p><em>Zona \u00abB\u00bb<\/em><br \/>\nC. D. Central C\u00f3rdoba vs. C. S. Am\u00e9rica<br \/>\nSan Roque F.C. vs. Paran\u00e1 F. C.<br \/>\n(Transmisi\u00f3n de El Cl\u00e1sico por FM G\u00e9nesis)<br \/>\nCl\u00e1sico: Agricultores Club vs. C. S. Las Palmeras<\/p>\n<p><em>Zona \u00abC\u00bb<\/em><br \/>\nB. Rivadavia vs Fundici\u00f3n FC<br \/>\nC. S. y D. I. Portela vs. Dep. Alsina<br \/>\nSportivo vs. Atl\u00e9tico (martes 11 de abril 21.15 hs.\/19.30 hs.\/18.00 hs.)<\/p>\n<p><strong>POSICIONES:<\/strong><br \/>\n<a href=\"https:\/\/eldiariodesanpedro.com.ar\/sitio\/wp-content\/uploads\/2017\/04\/posiciones.png\"><img decoding=\"async\" data-attachment-id=\"17134\" data-permalink=\"https:\/\/eldiariodesanpedro.com.ar\/sitio\/futbol-local-solo-un-cambio-en-la-programacion-de-la-tercera-fecha-del-apertura\/posiciones\/\" data-orig-file=\"https:\/\/eldiariodesanpedro.com.ar\/sitio\/wp-content\/uploads\/2017\/04\/posiciones.png\" data-orig-size=\"1187,664\" data-comments-opened=\"1\" data-image-meta=\"{&quot;aperture&quot;:&quot;0&quot;,&quot;credit&quot;:&quot;&quot;,&quot;camera&quot;:&quot;&quot;,&quot;caption&quot;:&quot;&quot;,&quot;created_timestamp&quot;:&quot;0&quot;,&quot;copyright&quot;:&quot;&quot;,&quot;focal_length&quot;:&quot;0&quot;,&quot;iso&quot;:&quot;0&quot;,&quot;shutter_speed&quot;:&quot;0&quot;,&quot;title&quot;:&quot;&quot;,&quot;orientation&quot;:&quot;0&quot;}\" data-image-title=\"posiciones\" data-image-description=\"\" data-image-caption=\"\" data-large-file=\"https:\/\/eldiariodesanpedro.com.ar\/sitio\/wp-content\/uploads\/2017\/04\/posiciones-1024x573.png\" data-src=\"https:\/\/eldiariodesanpedro.com.ar\/sitio\/wp-content\/uploads\/2017\/04\/posiciones-300x168.png\" alt=\"\" width=\"600\" height=\"336\" class=\"alignnone size-medium wp-image-17134 lazyload\" data-srcset=\"https:\/\/eldiariodesanpedro.com.ar\/sitio\/wp-content\/uploads\/2017\/04\/posiciones-300x168.png 300w, https:\/\/eldiariodesanpedro.com.ar\/sitio\/wp-content\/uploads\/2017\/04\/posiciones-768x430.png 768w, https:\/\/eldiariodesanpedro.com.ar\/sitio\/wp-content\/uploads\/2017\/04\/posiciones-1024x573.png 1024w, https:\/\/eldiariodesanpedro.com.ar\/sitio\/wp-content\/uploads\/2017\/04\/posiciones.png 1187w\" data-sizes=\"(max-width: 600px) 100vw, 600px\" src=\"data:image\/svg+xml;base64,PHN2ZyB3aWR0aD0iMSIgaGVpZ2h0PSIxIiB4bWxucz0iaHR0cDovL3d3dy53My5vcmcvMjAwMC9zdmciPjwvc3ZnPg==\" style=\"--smush-placeholder-width: 600px; --smush-placeholder-aspect-ratio: 600\/336;\" \/><\/a><\/p>\n","protected":false},"excerpt":{"rendered":"<p>El Torneo Apertura \u00abPedro Barri\u00bb continuar\u00e1 el pr\u00f3ximo fin de semana, luego de la suspensi\u00f3n del pasado domingo por lluvia, s\u00f3lo con las divisiones sexta, segunda y primera. El \u00fanico cambio, es el d\u00eda del partido de Sportivo ante Atl\u00e9tico, ya que el \u00abnegro\u00bb juega el domingo por el Torneo Federal C en San Nicol\u00e1s, [&hellip;]<\/p>\n","protected":false},"author":4,"featured_media":17136,"comment_status":"open","ping_status":"closed","sticky":false,"template":"","format":"standard","meta":{"om_disable_all_campaigns":false,"_jetpack_memberships_contains_paid_content":false,"footnotes":""},"categories":[5],"tags":[],"class_list":["post-17132","post","type-post","status-publish","format-standard","has-post-thumbnail","hentry","category-deportes"],"aioseo_notices":[],"gutentor_comment":0,"jetpack_featured_media_url":"https:\/\/eldiariodesanpedro.com.ar\/sitio\/wp-content\/uploads\/2017\/04\/futbol-local.jpg","jetpack_shortlink":"https:\/\/wp.me\/p6RhLt-4sk","jetpack_sharing_enabled":true,"_links":{"self":[{"href":"https:\/\/eldiariodesanpedro.com.ar\/sitio\/wp-json\/wp\/v2\/posts\/17132","targetHints":{"allow":["GET"]}}],"collection":[{"href":"https:\/\/eldiariodesanpedro.com.ar\/sitio\/wp-json\/wp\/v2\/posts"}],"about":[{"href":"https:\/\/eldiariodesanpedro.com.ar\/sitio\/wp-json\/wp\/v2\/types\/post"}],"author":[{"embeddable":true,"href":"https:\/\/eldiariodesanpedro.com.ar\/sitio\/wp-json\/wp\/v2\/users\/4"}],"replies":[{"embeddable":true,"href":"https:\/\/eldiariodesanpedro.com.ar\/sitio\/wp-json\/wp\/v2\/comments?post=17132"}],"version-history":[{"count":1,"href":"https:\/\/eldiariodesanpedro.com.ar\/sitio\/wp-json\/wp\/v2\/posts\/17132\/revisions"}],"predecessor-version":[{"id":17135,"href":"https:\/\/eldiariodesanpedro.com.ar\/sitio\/wp-json\/wp\/v2\/posts\/17132\/revisions\/17135"}],"wp:featuredmedia":[{"embeddable":true,"href":"https:\/\/eldiariodesanpedro.com.ar\/sitio\/wp-json\/wp\/v2\/media\/17136"}],"wp:attachment":[{"href":"https:\/\/eldiariodesanpedro.com.ar\/sitio\/wp-json\/wp\/v2\/media?parent=17132"}],"wp:term":[{"taxonomy":"category","embeddable":true,"href":"https:\/\/eldiariodesanpedro.com.ar\/sitio\/wp-json\/wp\/v2\/categories?post=17132"},{"taxonomy":"post_tag","embeddable":true,"href":"https:\/\/eldiariodesanpedro.com.ar\/sitio\/wp-json\/wp\/v2\/tags?post=17132"}],"curies":[{"name":"wp","href":"https:\/\/api.w.org\/{rel}","templated":true}]}}