{"id":17129,"date":"2017-04-07T20:52:35","date_gmt":"2017-04-07T23:52:35","guid":{"rendered":"https:\/\/eldiariodesanpedro.com.ar\/sitio\/?p=17129"},"modified":"2026-01-24T00:26:44","modified_gmt":"2026-01-24T03:26:44","slug":"subsidio-la-municipalidad-entregara-becas-a-16-atletas-locales","status":"publish","type":"post","link":"https:\/\/eldiariodesanpedro.com.ar\/sitio\/subsidio-la-municipalidad-entregara-becas-a-16-atletas-locales\/","title":{"rendered":"SUBSIDIO: La Municipalidad entregar\u00e1 becas a 16 atletas locales"},"content":{"rendered":"<p><!-- VideographyWP Plugin Message: Automatic video embedding prevented by plugin options. --><br \/>\n  El primer proyecto fue impulsado por el entonces Concejal Adri\u00e1n Macenet y hoy luego de varios a\u00f1os, por primera vez, un grupo de deportistas de nuestra ciudad ser\u00e1n beneficiados con becas dispuestas a trav\u00e9s del Fondo Municipal de Promoci\u00f3n del Deporte. Este proyecto originalmente se present\u00f3 en el HCD a trav\u00e9s del bloque del Partido FE y que tras algunas modificaciones fue aprobado por todo el cuerpo.<\/p>\n<p>  El Intendente Cecilio Salazar firm\u00f3 el decreto correspondiente, y as\u00ed, los deportistas designados por la Comisi\u00f3n Evaluadora integrada por los Concejales Iv\u00e1n Paz, Dami\u00e1n Mosquera, Dalmy Butti y el Director de Deportes Fernando Bennazar, podr\u00e1n recibir la beca por \u00fanica vez.<\/p>\n<p>  Los deportistas elegidos: Federico Moretti (Optimist) $8000; Mayl\u00e9n Mussia (Optimist) $8000; Malena Sciarra (Optimist) $8000; Ignacio Novo (Tenis) $8000; Sergio M\u00e9ndez (Karate) $8000; Jonatan Bravo (Karate) $8000; Francisco Marcell (Nataci\u00f3n) $5000; Valent\u00edn Rossi (Canotaje) $8000; Rebeca D\u00b4Estefano (Canotaje) $8000; Lisandro Butti (Canotaje) $8000; Melina S\u00e1nchez (Canotaje) $7000; Francisco Chipolini (Ciclismo) $8000; Juan Jos\u00e9 Paz (Ciclismo) $8000; Ciro Olivieri (Esgrima) $5000; Leandro Gallina (Triatl\u00f3n) $6000; Walter Valera (Atletismo) $6000.  <\/p>\n<p><a href=\"https:\/\/eldiariodesanpedro.com.ar\/sitio\/wp-content\/uploads\/2017\/04\/Decreto-firmado-por-el-Intendente-Municipal-Cecilio-Salazar.jpg\"><img decoding=\"async\" data-attachment-id=\"17130\" data-permalink=\"https:\/\/eldiariodesanpedro.com.ar\/sitio\/subsidio-la-municipalidad-entregara-becas-a-16-atletas-locales\/decreto-firmado-por-el-intendente-municipal-cecilio-salazar\/\" data-orig-file=\"https:\/\/eldiariodesanpedro.com.ar\/sitio\/wp-content\/uploads\/2017\/04\/Decreto-firmado-por-el-Intendente-Municipal-Cecilio-Salazar.jpg\" data-orig-size=\"409,615\" data-comments-opened=\"1\" data-image-meta=\"{&quot;aperture&quot;:&quot;0&quot;,&quot;credit&quot;:&quot;&quot;,&quot;camera&quot;:&quot;&quot;,&quot;caption&quot;:&quot;&quot;,&quot;created_timestamp&quot;:&quot;0&quot;,&quot;copyright&quot;:&quot;&quot;,&quot;focal_length&quot;:&quot;0&quot;,&quot;iso&quot;:&quot;0&quot;,&quot;shutter_speed&quot;:&quot;0&quot;,&quot;title&quot;:&quot;&quot;,&quot;orientation&quot;:&quot;0&quot;}\" data-image-title=\"Decreto firmado por el Intendente Municipal Cecilio Salazar\" data-image-description=\"\" data-image-caption=\"\" data-large-file=\"https:\/\/eldiariodesanpedro.com.ar\/sitio\/wp-content\/uploads\/2017\/04\/Decreto-firmado-por-el-Intendente-Municipal-Cecilio-Salazar.jpg\" data-src=\"https:\/\/eldiariodesanpedro.com.ar\/sitio\/wp-content\/uploads\/2017\/04\/Decreto-firmado-por-el-Intendente-Municipal-Cecilio-Salazar-200x300.jpg\" alt=\"\" width=\"200\" height=\"300\" class=\"alignnone size-medium wp-image-17130 lazyload\" data-srcset=\"https:\/\/eldiariodesanpedro.com.ar\/sitio\/wp-content\/uploads\/2017\/04\/Decreto-firmado-por-el-Intendente-Municipal-Cecilio-Salazar-200x300.jpg 200w, https:\/\/eldiariodesanpedro.com.ar\/sitio\/wp-content\/uploads\/2017\/04\/Decreto-firmado-por-el-Intendente-Municipal-Cecilio-Salazar.jpg 409w\" data-sizes=\"(max-width: 200px) 100vw, 200px\" src=\"data:image\/svg+xml;base64,PHN2ZyB3aWR0aD0iMSIgaGVpZ2h0PSIxIiB4bWxucz0iaHR0cDovL3d3dy53My5vcmcvMjAwMC9zdmciPjwvc3ZnPg==\" style=\"--smush-placeholder-width: 200px; --smush-placeholder-aspect-ratio: 200\/300;\" \/><\/a><\/p>\n","protected":false},"excerpt":{"rendered":"<p>El primer proyecto fue impulsado por el entonces Concejal Adri\u00e1n Macenet y hoy luego de varios a\u00f1os, por primera vez, un grupo de deportistas de nuestra ciudad ser\u00e1n beneficiados con becas dispuestas a trav\u00e9s del Fondo Municipal de Promoci\u00f3n del Deporte. Este proyecto originalmente se present\u00f3 en el HCD a trav\u00e9s del bloque del Partido [&hellip;]<\/p>\n","protected":false},"author":4,"featured_media":17130,"comment_status":"open","ping_status":"closed","sticky":false,"template":"","format":"standard","meta":{"om_disable_all_campaigns":false,"_jetpack_memberships_contains_paid_content":false,"footnotes":""},"categories":[5],"tags":[],"class_list":["post-17129","post","type-post","status-publish","format-standard","has-post-thumbnail","hentry","category-deportes"],"aioseo_notices":[],"gutentor_comment":0,"jetpack_featured_media_url":"https:\/\/eldiariodesanpedro.com.ar\/sitio\/wp-content\/uploads\/2017\/04\/Decreto-firmado-por-el-Intendente-Municipal-Cecilio-Salazar.jpg","jetpack_shortlink":"https:\/\/wp.me\/p6RhLt-4sh","jetpack_sharing_enabled":true,"_links":{"self":[{"href":"https:\/\/eldiariodesanpedro.com.ar\/sitio\/wp-json\/wp\/v2\/posts\/17129","targetHints":{"allow":["GET"]}}],"collection":[{"href":"https:\/\/eldiariodesanpedro.com.ar\/sitio\/wp-json\/wp\/v2\/posts"}],"about":[{"href":"https:\/\/eldiariodesanpedro.com.ar\/sitio\/wp-json\/wp\/v2\/types\/post"}],"author":[{"embeddable":true,"href":"https:\/\/eldiariodesanpedro.com.ar\/sitio\/wp-json\/wp\/v2\/users\/4"}],"replies":[{"embeddable":true,"href":"https:\/\/eldiariodesanpedro.com.ar\/sitio\/wp-json\/wp\/v2\/comments?post=17129"}],"version-history":[{"count":1,"href":"https:\/\/eldiariodesanpedro.com.ar\/sitio\/wp-json\/wp\/v2\/posts\/17129\/revisions"}],"predecessor-version":[{"id":17131,"href":"https:\/\/eldiariodesanpedro.com.ar\/sitio\/wp-json\/wp\/v2\/posts\/17129\/revisions\/17131"}],"wp:featuredmedia":[{"embeddable":true,"href":"https:\/\/eldiariodesanpedro.com.ar\/sitio\/wp-json\/wp\/v2\/media\/17130"}],"wp:attachment":[{"href":"https:\/\/eldiariodesanpedro.com.ar\/sitio\/wp-json\/wp\/v2\/media?parent=17129"}],"wp:term":[{"taxonomy":"category","embeddable":true,"href":"https:\/\/eldiariodesanpedro.com.ar\/sitio\/wp-json\/wp\/v2\/categories?post=17129"},{"taxonomy":"post_tag","embeddable":true,"href":"https:\/\/eldiariodesanpedro.com.ar\/sitio\/wp-json\/wp\/v2\/tags?post=17129"}],"curies":[{"name":"wp","href":"https:\/\/api.w.org\/{rel}","templated":true}]}}