{"id":17125,"date":"2017-04-07T20:20:57","date_gmt":"2017-04-07T23:20:57","guid":{"rendered":"https:\/\/eldiariodesanpedro.com.ar\/sitio\/?p=17125"},"modified":"2017-04-07T20:20:57","modified_gmt":"2017-04-07T23:20:57","slug":"ipomea-el-inta-san-pedro-presento-una-nueva-variedad-de-batata","status":"publish","type":"post","link":"https:\/\/eldiariodesanpedro.com.ar\/sitio\/ipomea-el-inta-san-pedro-presento-una-nueva-variedad-de-batata\/","title":{"rendered":"\u00abIPOMEA\u00bb: El INTA San Pedro present\u00f3 una nueva variedad de Batata"},"content":{"rendered":"<p><!-- VideographyWP Plugin Message: Automatic video embedding prevented by plugin options. --><br \/>\n  En la Casona 1830 que alberga la Direcci\u00f3n de Turismo de la Municipalidad de San Pedro, se present\u00f3 la batata Ipomea. Se trata de la marca de batata que un grupo de productores locales comenz\u00f3 a desarrollar a fines del 2016, a partir del cultivo de dos variedades elegidas por su sabor. <\/p>\n<p>  Estuvieron presentes el Intendente Municipal Cecilio Salazar, el Director del INTA Armando Constantino, adem\u00e1s de funcionarios municipales, del INTA, productores, medios de comunicaci\u00f3n, y representantes institucionales de San Pedro.<\/p>\n<p><strong>Volver a disfrutar una batata dulce y sabrosa<\/strong><\/p>\n<p>  Es el desaf\u00edo que se propusieron un grupo de peque\u00f1os productores de San Pedro que decidieron diversificar e incorporar nuevas variedades de batata a su producci\u00f3n.<\/p>\n<p>  La batata es la hortaliza t\u00edpica de nuestra zona, pero la variedad puede hacer la diferencia entre que sea un producto sabroso y disfrutable, o lo contrario. En los \u00faltimos a\u00f1os, han ingresado al mercado variedades con buen rendimiento, pero pr\u00e1cticamente sin sabor. Seg\u00fan los m\u00e1s conocedores, \u00e9sta es una de las causas de la ca\u00edda del consumo, aunque tambi\u00e9n puede deberse a la situaci\u00f3n de las hortalizas en general. <\/p>\n<p>  Inspirados en esta situaci\u00f3n, y en que el INTA viene trabajando en los \u00faltimos a\u00f1os en promover el consumo de variedades elegidas por sus cualidades culinarias, el a\u00f1o pasado un grupo de productores comenz\u00f3 a transitar una experiencia que ahora se presenta. Comparten algunas caracter\u00edsticas: son peque\u00f1os productores, est\u00e1n distribuidos en el partido de San Pedro, buscan alternativas a la producci\u00f3n sin agroqu\u00edmicos, y les interesa la batata como cultivo para trabajar. <\/p>\n<p>  El proceso comenz\u00f3 con la organizaci\u00f3n de un grupo de productores interesados, el an\u00e1lisis de sus posibilidades y la capacitaci\u00f3n. Luego se seleccionaron dos variedades preferidas por los consumidores por sus caracter\u00edsticas: la Morada INTA -variedad tradicional de la zona y que ha trascendido las fronteras-, y la Beauregard -registrada en el pa\u00eds hace algunos a\u00f1os y de difusi\u00f3n internacional-. <\/p>\n<p>  Para prolongar la calidad al punto de venta, el proyecto subsidi\u00f3 la construcci\u00f3n de tres m\u00e1quinas lavadoras de batata para peque\u00f1a escala que mejoran la vida \u00fatil post-cosecha ya que no lastiman la piel como las tradicionales. Se trata de un prototipo desarrollado por el Instituto para la Agricultura Familiar del INTA, cuyos planos fueron implementados por una empresa metal\u00fargica local. El grupo eligi\u00f3 un nombre, un eslogan, y acompa\u00f1ados por una dise\u00f1adora dieron vida a Ipomea.<\/p>\n<p>  Ipomea llegar\u00e1 al mercado acondicionada en bolsas de 2 kilos con una etiqueta que identifica la variedad, sus caracter\u00edsticas y algunas consideraciones sobre su cocci\u00f3n. La actividad es acompa\u00f1ada por el INTA, Prohuerta y la Secretar\u00eda de Agricultura Familiar, en una experiencia que re\u00fane los esfuerzos de los Ministerios de Agroindustria y Desarrollo Social de la Naci\u00f3n. La misma se encuentra encuadrada en la figura de Proyecto Especial de Prohuerta, comenzado a ejecutarse en 2016.<\/p>\n<p>  \u201cEn la b\u00fasqueda de revalorizar un producto que caracteriza a nuestra zona, empezamos un ciclo completo de producci\u00f3n de batata de dos variedades elegidas por su sabor y dulzura, replicamos un prototipo de lavadora para baja escala a fin de que el producto llegue sin tierra y vistoso a la venta, y creamos una identidad y modo de comercializaci\u00f3n exclusiva para garantizar el precio y aprovechamiento del producto\u201d, explican los protagonistas. <\/p>\n<p><a href=\"https:\/\/eldiariodesanpedro.com.ar\/sitio\/wp-content\/uploads\/2017\/04\/presentacion-de-la-Ipomea.jpg\"><img decoding=\"async\" data-attachment-id=\"17127\" data-permalink=\"https:\/\/eldiariodesanpedro.com.ar\/sitio\/ipomea-el-inta-san-pedro-presento-una-nueva-variedad-de-batata\/presentacion-de-la-ipomea\/\" data-orig-file=\"https:\/\/eldiariodesanpedro.com.ar\/sitio\/wp-content\/uploads\/2017\/04\/presentacion-de-la-Ipomea.jpg\" data-orig-size=\"940,705\" data-comments-opened=\"1\" data-image-meta=\"{&quot;aperture&quot;:&quot;0&quot;,&quot;credit&quot;:&quot;&quot;,&quot;camera&quot;:&quot;&quot;,&quot;caption&quot;:&quot;&quot;,&quot;created_timestamp&quot;:&quot;0&quot;,&quot;copyright&quot;:&quot;&quot;,&quot;focal_length&quot;:&quot;0&quot;,&quot;iso&quot;:&quot;0&quot;,&quot;shutter_speed&quot;:&quot;0&quot;,&quot;title&quot;:&quot;&quot;,&quot;orientation&quot;:&quot;0&quot;}\" data-image-title=\"presentacion de la Ipomea\" data-image-description=\"\" data-image-caption=\"\" data-large-file=\"https:\/\/eldiariodesanpedro.com.ar\/sitio\/wp-content\/uploads\/2017\/04\/presentacion-de-la-Ipomea.jpg\" data-src=\"https:\/\/eldiariodesanpedro.com.ar\/sitio\/wp-content\/uploads\/2017\/04\/presentacion-de-la-Ipomea-300x225.jpg\" alt=\"\" width=\"300\" height=\"225\" class=\"alignnone size-medium wp-image-17127 lazyload\" data-srcset=\"https:\/\/eldiariodesanpedro.com.ar\/sitio\/wp-content\/uploads\/2017\/04\/presentacion-de-la-Ipomea-300x225.jpg 300w, https:\/\/eldiariodesanpedro.com.ar\/sitio\/wp-content\/uploads\/2017\/04\/presentacion-de-la-Ipomea-768x576.jpg 768w, https:\/\/eldiariodesanpedro.com.ar\/sitio\/wp-content\/uploads\/2017\/04\/presentacion-de-la-Ipomea.jpg 940w\" data-sizes=\"(max-width: 300px) 100vw, 300px\" src=\"data:image\/svg+xml;base64,PHN2ZyB3aWR0aD0iMSIgaGVpZ2h0PSIxIiB4bWxucz0iaHR0cDovL3d3dy53My5vcmcvMjAwMC9zdmciPjwvc3ZnPg==\" style=\"--smush-placeholder-width: 300px; --smush-placeholder-aspect-ratio: 300\/225;\" \/><\/a><\/p>\n","protected":false},"excerpt":{"rendered":"<p>En la Casona 1830 que alberga la Direcci\u00f3n de Turismo de la Municipalidad de San Pedro, se present\u00f3 la batata Ipomea. Se trata de la marca de batata que un grupo de productores locales comenz\u00f3 a desarrollar a fines del 2016, a partir del cultivo de dos variedades elegidas por su sabor. Estuvieron presentes el [&hellip;]<\/p>\n","protected":false},"author":4,"featured_media":17126,"comment_status":"open","ping_status":"closed","sticky":false,"template":"","format":"standard","meta":{"om_disable_all_campaigns":false,"_jetpack_memberships_contains_paid_content":false,"footnotes":""},"categories":[101,2],"tags":[],"class_list":["post-17125","post","type-post","status-publish","format-standard","has-post-thumbnail","hentry","category-interes-general-locales","category-locales"],"aioseo_notices":[],"gutentor_comment":0,"jetpack_featured_media_url":"https:\/\/eldiariodesanpedro.com.ar\/sitio\/wp-content\/uploads\/2017\/04\/presentacion-de-la-nueva-batata-IPOMEA.jpg","jetpack_shortlink":"https:\/\/wp.me\/p6RhLt-4sd","jetpack_sharing_enabled":true,"_links":{"self":[{"href":"https:\/\/eldiariodesanpedro.com.ar\/sitio\/wp-json\/wp\/v2\/posts\/17125","targetHints":{"allow":["GET"]}}],"collection":[{"href":"https:\/\/eldiariodesanpedro.com.ar\/sitio\/wp-json\/wp\/v2\/posts"}],"about":[{"href":"https:\/\/eldiariodesanpedro.com.ar\/sitio\/wp-json\/wp\/v2\/types\/post"}],"author":[{"embeddable":true,"href":"https:\/\/eldiariodesanpedro.com.ar\/sitio\/wp-json\/wp\/v2\/users\/4"}],"replies":[{"embeddable":true,"href":"https:\/\/eldiariodesanpedro.com.ar\/sitio\/wp-json\/wp\/v2\/comments?post=17125"}],"version-history":[{"count":1,"href":"https:\/\/eldiariodesanpedro.com.ar\/sitio\/wp-json\/wp\/v2\/posts\/17125\/revisions"}],"predecessor-version":[{"id":17128,"href":"https:\/\/eldiariodesanpedro.com.ar\/sitio\/wp-json\/wp\/v2\/posts\/17125\/revisions\/17128"}],"wp:featuredmedia":[{"embeddable":true,"href":"https:\/\/eldiariodesanpedro.com.ar\/sitio\/wp-json\/wp\/v2\/media\/17126"}],"wp:attachment":[{"href":"https:\/\/eldiariodesanpedro.com.ar\/sitio\/wp-json\/wp\/v2\/media?parent=17125"}],"wp:term":[{"taxonomy":"category","embeddable":true,"href":"https:\/\/eldiariodesanpedro.com.ar\/sitio\/wp-json\/wp\/v2\/categories?post=17125"},{"taxonomy":"post_tag","embeddable":true,"href":"https:\/\/eldiariodesanpedro.com.ar\/sitio\/wp-json\/wp\/v2\/tags?post=17125"}],"curies":[{"name":"wp","href":"https:\/\/api.w.org\/{rel}","templated":true}]}}