{"id":17117,"date":"2017-04-07T19:57:53","date_gmt":"2017-04-07T22:57:53","guid":{"rendered":"https:\/\/eldiariodesanpedro.com.ar\/sitio\/?p=17117"},"modified":"2017-04-07T19:57:53","modified_gmt":"2017-04-07T22:57:53","slug":"recuperan-una-moto-robada-4","status":"publish","type":"post","link":"https:\/\/eldiariodesanpedro.com.ar\/sitio\/recuperan-una-moto-robada-4\/","title":{"rendered":"Recuperan una moto robada"},"content":{"rendered":"<p><!-- VideographyWP Plugin Message: Automatic video embedding prevented by plugin options. --><br \/>\nCerca de la 01:30 HS. Personal Comisaria de San Pedro y personal de Sub- DDi Baradero, llevaron a cabo diligencia  allanamiento en Barrio Villa Igoillo donde se procedi\u00f3 al secuestro de una motocicleta de la marca Honda color negro, modelo CBX 250, y un motor marca Honda de la misma cilindrada el cual posee la misma numeraci\u00f3n que el que est\u00e1 colocado en la motocicleta.<\/p>\n<p>Adem\u00e1s se incautaron dos cajas de metal con 36 cu\u00f1as. Fiscal\u00eda interviniente dispuso notificaci\u00f3n del tenedor de la moto del art 60 C.P.P.<\/p>\n","protected":false},"excerpt":{"rendered":"<p>Cerca de la 01:30 HS. Personal Comisaria de San Pedro y personal de Sub- DDi Baradero, llevaron a cabo diligencia allanamiento en Barrio Villa Igoillo donde se procedi\u00f3 al secuestro de una motocicleta de la marca Honda color negro, modelo CBX 250, y un motor marca Honda de la misma cilindrada el cual posee la [&hellip;]<\/p>\n","protected":false},"author":4,"featured_media":11797,"comment_status":"open","ping_status":"closed","sticky":false,"template":"","format":"standard","meta":{"om_disable_all_campaigns":false,"_jetpack_memberships_contains_paid_content":false,"footnotes":""},"categories":[2,103],"tags":[],"class_list":["post-17117","post","type-post","status-publish","format-standard","has-post-thumbnail","hentry","category-locales","category-policiales-locales"],"aioseo_notices":[],"gutentor_comment":0,"jetpack_featured_media_url":"https:\/\/eldiariodesanpedro.com.ar\/sitio\/wp-content\/uploads\/2016\/12\/moto-secuestrada.jpg","jetpack_shortlink":"https:\/\/wp.me\/p6RhLt-4s5","jetpack_sharing_enabled":true,"_links":{"self":[{"href":"https:\/\/eldiariodesanpedro.com.ar\/sitio\/wp-json\/wp\/v2\/posts\/17117","targetHints":{"allow":["GET"]}}],"collection":[{"href":"https:\/\/eldiariodesanpedro.com.ar\/sitio\/wp-json\/wp\/v2\/posts"}],"about":[{"href":"https:\/\/eldiariodesanpedro.com.ar\/sitio\/wp-json\/wp\/v2\/types\/post"}],"author":[{"embeddable":true,"href":"https:\/\/eldiariodesanpedro.com.ar\/sitio\/wp-json\/wp\/v2\/users\/4"}],"replies":[{"embeddable":true,"href":"https:\/\/eldiariodesanpedro.com.ar\/sitio\/wp-json\/wp\/v2\/comments?post=17117"}],"version-history":[{"count":1,"href":"https:\/\/eldiariodesanpedro.com.ar\/sitio\/wp-json\/wp\/v2\/posts\/17117\/revisions"}],"predecessor-version":[{"id":17119,"href":"https:\/\/eldiariodesanpedro.com.ar\/sitio\/wp-json\/wp\/v2\/posts\/17117\/revisions\/17119"}],"wp:featuredmedia":[{"embeddable":true,"href":"https:\/\/eldiariodesanpedro.com.ar\/sitio\/wp-json\/wp\/v2\/media\/11797"}],"wp:attachment":[{"href":"https:\/\/eldiariodesanpedro.com.ar\/sitio\/wp-json\/wp\/v2\/media?parent=17117"}],"wp:term":[{"taxonomy":"category","embeddable":true,"href":"https:\/\/eldiariodesanpedro.com.ar\/sitio\/wp-json\/wp\/v2\/categories?post=17117"},{"taxonomy":"post_tag","embeddable":true,"href":"https:\/\/eldiariodesanpedro.com.ar\/sitio\/wp-json\/wp\/v2\/tags?post=17117"}],"curies":[{"name":"wp","href":"https:\/\/api.w.org\/{rel}","templated":true}]}}