{"id":17109,"date":"2017-04-07T19:49:49","date_gmt":"2017-04-07T22:49:49","guid":{"rendered":"https:\/\/eldiariodesanpedro.com.ar\/sitio\/?p=17109"},"modified":"2017-04-07T19:49:49","modified_gmt":"2017-04-07T22:49:49","slug":"los-tres-involucraron-motociclistas-sin-cascos-tres-accidentes-en-la-jornada-de-ayer-dos-en-la-av-11-de-septiembre","status":"publish","type":"post","link":"https:\/\/eldiariodesanpedro.com.ar\/sitio\/los-tres-involucraron-motociclistas-sin-cascos-tres-accidentes-en-la-jornada-de-ayer-dos-en-la-av-11-de-septiembre\/","title":{"rendered":"LOS TRES INVOLUCRARON MOTOCICLISTAS SIN CASCOS: Tres accidentes en la jornada de ayer, dos en la Av. 11 de Septiembre"},"content":{"rendered":"<p><!-- VideographyWP Plugin Message: Automatic video embedding prevented by plugin options. --><br \/>\nEl primer incidente de tr\u00e1nsito ocurri\u00f3 hoy, minutos antes de las 8 hs. en la zona c\u00e9ntrica de la ciudad. Un monovolumen marcha Chevrolet Spin que se dirig\u00eda por calle Mitre y una moto Mondial Dax que lo hac\u00eda por Saavedra.<\/p>\n<p>Como consecuencia del impacto entre los dos rodados una mujer mayor de edad fue derivada por el Servicio de Emergencias 107 a la guardia del hospital por los traumatismos que sufri\u00f3 al caer del rodado menor.<\/p>\n<p>El otro siniestro se produjo pasado el mediod\u00eda de hoy. Una moto que se dirig\u00eda por 11 de Septiembre, al llegar a Balcarce impact\u00f3 a una camioneta Vw Tiguan que cruzaba por la avenida.<\/p>\n<p>Como consecuencia del fuerte impacto y la posterior ca\u00edda a la cinta asf\u00e1ltica, el conductor del rodado menor sufri\u00f3 traumatismo de diversa consideraci\u00f3n por lo que debi\u00f3 ser derivado al Hospital. Una ambulancia del Servicio de Emergencia 107 lo deriv\u00f3 a la guardia donde se le practicaron estudios.<\/p>\n<p>El \u00faltimo se produjo pasadas las 17 hs. en 11 de Septiembre al 2100. En ese lugar un autom\u00f3vil Renault Cl\u00edo, color blanco, solt\u00f3 el carro que llevaba de tiro que transportaba un carting. El mismo cruz\u00f3 el cantero central e impact\u00f3 con un ciclomotor que se dirig\u00eda en direcci\u00f3n a La zona c\u00e9ntrica.<\/p>\n<p>A bordo se dirig\u00eda una joven que sufri\u00f3 lesiones en una de sus piernas y fue derivada por una ambulancia del Servicio de Emergencias 107 al Hospital.<\/p>\n<p>Todos los rodados fueron movidos de la escena, por lo que fue requerida La presencia de peritos de Polic\u00eda cient\u00edfica para verificar c\u00f3mo se desarrollaron fehacientemente los hechos.<\/p>\n<p>La moto hab\u00eda sido guardada en una propiedad cercana, puesto que faltaba seguro y pretend\u00edan evitar su secuestro.<\/p>\n<p>El auto, en tanto hab\u00eda quedado en una de las cortadas en cercan\u00edas al lugar del hecho.<\/p>\n<p>Tambi\u00e9n participaron personal de la Direcci\u00f3n de Tr\u00e1nsito, de la Jefatura Distrital y de la Polic\u00eda Local.<\/p>\n","protected":false},"excerpt":{"rendered":"<p>El primer incidente de tr\u00e1nsito ocurri\u00f3 hoy, minutos antes de las 8 hs. en la zona c\u00e9ntrica de la ciudad. Un monovolumen marcha Chevrolet Spin que se dirig\u00eda por calle Mitre y una moto Mondial Dax que lo hac\u00eda por Saavedra. Como consecuencia del impacto entre los dos rodados una mujer mayor de edad fue [&hellip;]<\/p>\n","protected":false},"author":4,"featured_media":17112,"comment_status":"open","ping_status":"closed","sticky":false,"template":"","format":"standard","meta":{"om_disable_all_campaigns":false,"_jetpack_memberships_contains_paid_content":false,"footnotes":""},"categories":[50,2,103],"tags":[],"class_list":["post-17109","post","type-post","status-publish","format-standard","has-post-thumbnail","hentry","category-destacadas","category-locales","category-policiales-locales"],"aioseo_notices":[],"gutentor_comment":0,"jetpack_featured_media_url":"https:\/\/eldiariodesanpedro.com.ar\/sitio\/wp-content\/uploads\/2017\/04\/motociclista-accidentado.jpg","jetpack_shortlink":"https:\/\/wp.me\/p6RhLt-4rX","jetpack_sharing_enabled":true,"_links":{"self":[{"href":"https:\/\/eldiariodesanpedro.com.ar\/sitio\/wp-json\/wp\/v2\/posts\/17109","targetHints":{"allow":["GET"]}}],"collection":[{"href":"https:\/\/eldiariodesanpedro.com.ar\/sitio\/wp-json\/wp\/v2\/posts"}],"about":[{"href":"https:\/\/eldiariodesanpedro.com.ar\/sitio\/wp-json\/wp\/v2\/types\/post"}],"author":[{"embeddable":true,"href":"https:\/\/eldiariodesanpedro.com.ar\/sitio\/wp-json\/wp\/v2\/users\/4"}],"replies":[{"embeddable":true,"href":"https:\/\/eldiariodesanpedro.com.ar\/sitio\/wp-json\/wp\/v2\/comments?post=17109"}],"version-history":[{"count":2,"href":"https:\/\/eldiariodesanpedro.com.ar\/sitio\/wp-json\/wp\/v2\/posts\/17109\/revisions"}],"predecessor-version":[{"id":17114,"href":"https:\/\/eldiariodesanpedro.com.ar\/sitio\/wp-json\/wp\/v2\/posts\/17109\/revisions\/17114"}],"wp:featuredmedia":[{"embeddable":true,"href":"https:\/\/eldiariodesanpedro.com.ar\/sitio\/wp-json\/wp\/v2\/media\/17112"}],"wp:attachment":[{"href":"https:\/\/eldiariodesanpedro.com.ar\/sitio\/wp-json\/wp\/v2\/media?parent=17109"}],"wp:term":[{"taxonomy":"category","embeddable":true,"href":"https:\/\/eldiariodesanpedro.com.ar\/sitio\/wp-json\/wp\/v2\/categories?post=17109"},{"taxonomy":"post_tag","embeddable":true,"href":"https:\/\/eldiariodesanpedro.com.ar\/sitio\/wp-json\/wp\/v2\/tags?post=17109"}],"curies":[{"name":"wp","href":"https:\/\/api.w.org\/{rel}","templated":true}]}}