{"id":17102,"date":"2017-04-07T09:26:33","date_gmt":"2017-04-07T12:26:33","guid":{"rendered":"https:\/\/eldiariodesanpedro.com.ar\/sitio\/?p=17102"},"modified":"2017-04-07T09:40:04","modified_gmt":"2017-04-07T12:40:04","slug":"accidente-entre-una-moto-y-un-automovil-en-la-manana-de-hoy","status":"publish","type":"post","link":"https:\/\/eldiariodesanpedro.com.ar\/sitio\/accidente-entre-una-moto-y-un-automovil-en-la-manana-de-hoy\/","title":{"rendered":"Accidente entre una moto y un autom\u00f3vil en la ma\u00f1ana de hoy"},"content":{"rendered":"<p><!-- VideographyWP Plugin Message: Automatic video embedding prevented by plugin options. --><br \/>\nEn la ma\u00f1ana de hoy alrededor de las 08:00 hs se produjo un accidente de tr\u00e1nsito entre una motocicleta Guerrero Dax que era conducidopor una mujer de 27 a\u00f1os de edad y un auto chevrolet Spin conducido por hombre mayor de edad. <\/p>\n<p>Quien conduc\u00eda la motocicleta fue trasladado a la guardia del hospital con heridas leves. <\/p>\n","protected":false},"excerpt":{"rendered":"<p>En la ma\u00f1ana de hoy alrededor de las 08:00 hs se produjo un accidente de tr\u00e1nsito entre una motocicleta Guerrero Dax que era conducidopor una mujer de 27 a\u00f1os de edad y un auto chevrolet Spin conducido por hombre mayor de edad. Quien conduc\u00eda la motocicleta fue trasladado a la guardia del hospital con heridas [&hellip;]<\/p>\n","protected":false},"author":4,"featured_media":17103,"comment_status":"open","ping_status":"closed","sticky":false,"template":"","format":"standard","meta":{"om_disable_all_campaigns":false,"_jetpack_memberships_contains_paid_content":false,"footnotes":""},"categories":[50,2,103],"tags":[],"class_list":["post-17102","post","type-post","status-publish","format-standard","has-post-thumbnail","hentry","category-destacadas","category-locales","category-policiales-locales"],"aioseo_notices":[],"gutentor_comment":0,"jetpack_featured_media_url":"https:\/\/eldiariodesanpedro.com.ar\/sitio\/wp-content\/uploads\/2017\/04\/IMG-20170407-WA0008.jpg","jetpack_shortlink":"https:\/\/wp.me\/p6RhLt-4rQ","jetpack_sharing_enabled":true,"_links":{"self":[{"href":"https:\/\/eldiariodesanpedro.com.ar\/sitio\/wp-json\/wp\/v2\/posts\/17102","targetHints":{"allow":["GET"]}}],"collection":[{"href":"https:\/\/eldiariodesanpedro.com.ar\/sitio\/wp-json\/wp\/v2\/posts"}],"about":[{"href":"https:\/\/eldiariodesanpedro.com.ar\/sitio\/wp-json\/wp\/v2\/types\/post"}],"author":[{"embeddable":true,"href":"https:\/\/eldiariodesanpedro.com.ar\/sitio\/wp-json\/wp\/v2\/users\/4"}],"replies":[{"embeddable":true,"href":"https:\/\/eldiariodesanpedro.com.ar\/sitio\/wp-json\/wp\/v2\/comments?post=17102"}],"version-history":[{"count":2,"href":"https:\/\/eldiariodesanpedro.com.ar\/sitio\/wp-json\/wp\/v2\/posts\/17102\/revisions"}],"predecessor-version":[{"id":17105,"href":"https:\/\/eldiariodesanpedro.com.ar\/sitio\/wp-json\/wp\/v2\/posts\/17102\/revisions\/17105"}],"wp:featuredmedia":[{"embeddable":true,"href":"https:\/\/eldiariodesanpedro.com.ar\/sitio\/wp-json\/wp\/v2\/media\/17103"}],"wp:attachment":[{"href":"https:\/\/eldiariodesanpedro.com.ar\/sitio\/wp-json\/wp\/v2\/media?parent=17102"}],"wp:term":[{"taxonomy":"category","embeddable":true,"href":"https:\/\/eldiariodesanpedro.com.ar\/sitio\/wp-json\/wp\/v2\/categories?post=17102"},{"taxonomy":"post_tag","embeddable":true,"href":"https:\/\/eldiariodesanpedro.com.ar\/sitio\/wp-json\/wp\/v2\/tags?post=17102"}],"curies":[{"name":"wp","href":"https:\/\/api.w.org\/{rel}","templated":true}]}}