{"id":17100,"date":"2017-04-07T08:30:22","date_gmt":"2017-04-07T11:30:22","guid":{"rendered":"https:\/\/eldiariodesanpedro.com.ar\/sitio\/?p=17100"},"modified":"2017-04-07T08:30:22","modified_gmt":"2017-04-07T11:30:22","slug":"secuestran-una-moto-honda-cbx-250-en-allanamiento","status":"publish","type":"post","link":"https:\/\/eldiariodesanpedro.com.ar\/sitio\/secuestran-una-moto-honda-cbx-250-en-allanamiento\/","title":{"rendered":"Secuestran una moto Honda CBX 250 en allanamiento"},"content":{"rendered":"<p><!-- VideographyWP Plugin Message: Automatic video embedding prevented by plugin options. --><br \/>\nEn la madrugada de hoy alrededor de la 01:30 hs personal de la sub DDI Baradero junto a oficiales de la comisar\u00eda local realiz\u00f3 allanamientos en Barrio Villa Igoillo se procedi\u00f3 al secuestro de una motocicleta marca Honda de color negro CBX 250 y adem\u00e1s un motor Honda tambi\u00e9n CBX 250 con el mismo n\u00famero de motor que el de la motocicleta. Tambi\u00e9n se secuestraron dos cajas con 36 cu\u00f1as. <\/p>\n","protected":false},"excerpt":{"rendered":"<p>En la madrugada de hoy alrededor de la 01:30 hs personal de la sub DDI Baradero junto a oficiales de la comisar\u00eda local realiz\u00f3 allanamientos en Barrio Villa Igoillo se procedi\u00f3 al secuestro de una motocicleta marca Honda de color negro CBX 250 y adem\u00e1s un motor Honda tambi\u00e9n CBX 250 con el mismo n\u00famero [&hellip;]<\/p>\n","protected":false},"author":4,"featured_media":7018,"comment_status":"open","ping_status":"closed","sticky":false,"template":"","format":"standard","meta":{"om_disable_all_campaigns":false,"_jetpack_memberships_contains_paid_content":false,"footnotes":""},"categories":[2,103],"tags":[],"class_list":["post-17100","post","type-post","status-publish","format-standard","has-post-thumbnail","hentry","category-locales","category-policiales-locales"],"aioseo_notices":[],"gutentor_comment":0,"jetpack_featured_media_url":"https:\/\/eldiariodesanpedro.com.ar\/sitio\/wp-content\/uploads\/2016\/08\/FOTO-TAPA.jpg","jetpack_shortlink":"https:\/\/wp.me\/p6RhLt-4rO","jetpack_sharing_enabled":true,"_links":{"self":[{"href":"https:\/\/eldiariodesanpedro.com.ar\/sitio\/wp-json\/wp\/v2\/posts\/17100","targetHints":{"allow":["GET"]}}],"collection":[{"href":"https:\/\/eldiariodesanpedro.com.ar\/sitio\/wp-json\/wp\/v2\/posts"}],"about":[{"href":"https:\/\/eldiariodesanpedro.com.ar\/sitio\/wp-json\/wp\/v2\/types\/post"}],"author":[{"embeddable":true,"href":"https:\/\/eldiariodesanpedro.com.ar\/sitio\/wp-json\/wp\/v2\/users\/4"}],"replies":[{"embeddable":true,"href":"https:\/\/eldiariodesanpedro.com.ar\/sitio\/wp-json\/wp\/v2\/comments?post=17100"}],"version-history":[{"count":1,"href":"https:\/\/eldiariodesanpedro.com.ar\/sitio\/wp-json\/wp\/v2\/posts\/17100\/revisions"}],"predecessor-version":[{"id":17101,"href":"https:\/\/eldiariodesanpedro.com.ar\/sitio\/wp-json\/wp\/v2\/posts\/17100\/revisions\/17101"}],"wp:featuredmedia":[{"embeddable":true,"href":"https:\/\/eldiariodesanpedro.com.ar\/sitio\/wp-json\/wp\/v2\/media\/7018"}],"wp:attachment":[{"href":"https:\/\/eldiariodesanpedro.com.ar\/sitio\/wp-json\/wp\/v2\/media?parent=17100"}],"wp:term":[{"taxonomy":"category","embeddable":true,"href":"https:\/\/eldiariodesanpedro.com.ar\/sitio\/wp-json\/wp\/v2\/categories?post=17100"},{"taxonomy":"post_tag","embeddable":true,"href":"https:\/\/eldiariodesanpedro.com.ar\/sitio\/wp-json\/wp\/v2\/tags?post=17100"}],"curies":[{"name":"wp","href":"https:\/\/api.w.org\/{rel}","templated":true}]}}