{"id":17098,"date":"2017-04-07T08:18:59","date_gmt":"2017-04-07T11:18:59","guid":{"rendered":"https:\/\/eldiariodesanpedro.com.ar\/sitio\/?p=17098"},"modified":"2017-04-07T08:18:59","modified_gmt":"2017-04-07T11:18:59","slug":"detuvieron-a-un-joven-menor-con-cocaina-y-marihuana","status":"publish","type":"post","link":"https:\/\/eldiariodesanpedro.com.ar\/sitio\/detuvieron-a-un-joven-menor-con-cocaina-y-marihuana\/","title":{"rendered":"Detuvieron a un joven menor con coca\u00edna y marihuana"},"content":{"rendered":"<p><!-- VideographyWP Plugin Message: Automatic video embedding prevented by plugin options. --><br \/>\nEn el d\u00eda de ayer a las 20:00 hs en calle R\u00f3mulo Naon y Bvard. Paran\u00e1, personal policial procedio a la aprehensi\u00f3n de un joven menor de edad quien llevaba consigo estupefacientes para consumo, consigo ten\u00eda un bagullo de marihuana y un envoltorio de coca\u00edna. <\/p>\n<p>El joven fue trasladado a la comisar\u00eda local donde se le labraron actuaciones y se notific\u00f3 a la UFI del Joven.  <\/p>\n","protected":false},"excerpt":{"rendered":"<p>En el d\u00eda de ayer a las 20:00 hs en calle R\u00f3mulo Naon y Bvard. Paran\u00e1, personal policial procedio a la aprehensi\u00f3n de un joven menor de edad quien llevaba consigo estupefacientes para consumo, consigo ten\u00eda un bagullo de marihuana y un envoltorio de coca\u00edna. El joven fue trasladado a la comisar\u00eda local donde se [&hellip;]<\/p>\n","protected":false},"author":4,"featured_media":4713,"comment_status":"open","ping_status":"closed","sticky":false,"template":"","format":"standard","meta":{"om_disable_all_campaigns":false,"_jetpack_memberships_contains_paid_content":false,"footnotes":""},"categories":[2,103],"tags":[],"class_list":["post-17098","post","type-post","status-publish","format-standard","has-post-thumbnail","hentry","category-locales","category-policiales-locales"],"aioseo_notices":[],"gutentor_comment":0,"jetpack_featured_media_url":"https:\/\/eldiariodesanpedro.com.ar\/sitio\/wp-content\/uploads\/2016\/05\/detenido.jpg","jetpack_shortlink":"https:\/\/wp.me\/p6RhLt-4rM","jetpack_sharing_enabled":true,"_links":{"self":[{"href":"https:\/\/eldiariodesanpedro.com.ar\/sitio\/wp-json\/wp\/v2\/posts\/17098","targetHints":{"allow":["GET"]}}],"collection":[{"href":"https:\/\/eldiariodesanpedro.com.ar\/sitio\/wp-json\/wp\/v2\/posts"}],"about":[{"href":"https:\/\/eldiariodesanpedro.com.ar\/sitio\/wp-json\/wp\/v2\/types\/post"}],"author":[{"embeddable":true,"href":"https:\/\/eldiariodesanpedro.com.ar\/sitio\/wp-json\/wp\/v2\/users\/4"}],"replies":[{"embeddable":true,"href":"https:\/\/eldiariodesanpedro.com.ar\/sitio\/wp-json\/wp\/v2\/comments?post=17098"}],"version-history":[{"count":1,"href":"https:\/\/eldiariodesanpedro.com.ar\/sitio\/wp-json\/wp\/v2\/posts\/17098\/revisions"}],"predecessor-version":[{"id":17099,"href":"https:\/\/eldiariodesanpedro.com.ar\/sitio\/wp-json\/wp\/v2\/posts\/17098\/revisions\/17099"}],"wp:featuredmedia":[{"embeddable":true,"href":"https:\/\/eldiariodesanpedro.com.ar\/sitio\/wp-json\/wp\/v2\/media\/4713"}],"wp:attachment":[{"href":"https:\/\/eldiariodesanpedro.com.ar\/sitio\/wp-json\/wp\/v2\/media?parent=17098"}],"wp:term":[{"taxonomy":"category","embeddable":true,"href":"https:\/\/eldiariodesanpedro.com.ar\/sitio\/wp-json\/wp\/v2\/categories?post=17098"},{"taxonomy":"post_tag","embeddable":true,"href":"https:\/\/eldiariodesanpedro.com.ar\/sitio\/wp-json\/wp\/v2\/tags?post=17098"}],"curies":[{"name":"wp","href":"https:\/\/api.w.org\/{rel}","templated":true}]}}