{"id":17088,"date":"2017-04-06T19:49:20","date_gmt":"2017-04-06T22:49:20","guid":{"rendered":"https:\/\/eldiariodesanpedro.com.ar\/sitio\/?p=17088"},"modified":"2026-01-24T00:26:44","modified_gmt":"2026-01-24T03:26:44","slug":"canotaje-el-sabado-se-corre-la-vuelta-de-obligado-san-pedro-jose-deluchi","status":"publish","type":"post","link":"https:\/\/eldiariodesanpedro.com.ar\/sitio\/canotaje-el-sabado-se-corre-la-vuelta-de-obligado-san-pedro-jose-deluchi\/","title":{"rendered":"CANOTAJE:  El s\u00e1bado se corre la \u201cVuelta De Obligado \u2013 San Pedro Jos\u00e9 Deluchi\u201d"},"content":{"rendered":"<p><!-- VideographyWP Plugin Message: Automatic video embedding prevented by plugin options. --><br \/>\nEl retorno de la hist\u00f3rica regata del Club Pescadores y N\u00e1utica de San Pedro, en homenaje a \u201cJos\u00e9 Deluchi\u201d se llevar\u00e1 a cabo el s\u00e1bado 8 del corriente mes. Se correr\u00e1 desde Vuelta de Obligado hasta la d\u00e1rsena del nombrado Club.<\/p>\n<p>  Las categor\u00edas que participan son Cadetes, Junior, Senior y Master \u201cA\u201d, \u201cB\u201d y \u201cC\u201d en botes K1, K2, C1, C2, 4.30, traves\u00eda y piraguas.<br \/>\n  Las categor\u00edas pre-infantiles, infantiles y menores correr\u00e1n dentro de la d\u00e1rsena del Club.<\/p>\n<p>  La reuni\u00f3n de delegados se realizar\u00e1 a las 08:00 hs. en Club Pescadores y al t\u00e9rmino de \u00e9sta, se trasladar\u00e1n a Vuelta de Obligado, en un recorrido de s\u00f3lo 18 km. por ruta interna, donde se realizar\u00e1 el descenso de botes y control de flotaci\u00f3n y el uso de chalecos para la categor\u00eda Cadetes, por disposici\u00f3n de Prefectura Naval Argentina.<\/p>\n<p><strong>Cronograma de la regata Club Pescadores y N\u00e1utica San Pedro:<\/strong><\/p>\n<p><em>Desde Vuelta de Obligado a San Pedro<\/em><br \/>\n8.00 hs. reuni\u00f3n de delegados.<br \/>\n8.30 hs. salida del Club hacia Vta. de Obligado<br \/>\n10.00 hs. piragua (libre)<br \/>\n10.02 hs. traves\u00eda doble libre y C1, C2 todas las categor\u00edas<br \/>\n10.04 hs. traves\u00eda m\u00e1s de 35 a\u00f1os libre<br \/>\n10.06 hs. traves\u00eda menos de 34 a\u00f1os libre<br \/>\n10.08 hs. 430 m\u00e1s de 35 a\u00f1os (damas y caballeros)<br \/>\n10.10 hs. 430 menos de 34 a\u00f1os (damas y caballeros)<br \/>\n10.15 hs. k2 senior damas y caballeros<br \/>\n10.18 hs. k2 junior damas y caballeros<br \/>\n10.21 hs. k2 cadete damas y caballeros<br \/>\n10.24 hs. k2 m\u00e1ster damas y caballeros (a, b, c, d)<br \/>\n10.26 hs. k1 senior damas y caballeros<br \/>\n10.28 hs. k1 junior damas y caballeros<br \/>\n10.30 hs. k1 cadete damas y caballeros<br \/>\n10.32 hs. k1 m\u00e1ster damas y caballeros (a, b, c, d)<br \/>\n(Todos los cadetes deben correr con chalecos salvavidas y todos los botes deben tener porta n\u00famero y flotaci\u00f3n).<br \/>\nCada club debe trasladar su embarcaci\u00f3n hacia Vta. de Obligado.<br \/>\n13.30 hs. reuni\u00f3n de promocionales<br \/>\n14.00 hs. k1 pre-infantil (damas y caballeros)<br \/>\n14.10 hs. k1 infantil (damas y caballeros)<br \/>\n14.20 hs. 430 infantil (damas y caballeros)<br \/>\n14.35 hs. k1 menor (damas y caballeros)<br \/>\n14.40 hs. 430 menor (damas y caballeros)<br \/>\n15.00 hs. k1 promocional cadete, junior y se\u00f1or (damas y caballeros)<br \/>\n15.15 hs. 430 promocional libre<br \/>\n15.30 hs. k2 pre-infantil (damas y caballeros)<br \/>\n15.40 hs. k2 infantil (damas y caballeros)<br \/>\n15.50 hs. k2 menores (damas y caballeros)<br \/>\nTodos los botes deben tener flotaci\u00f3n, chaleco salvavidas y porta n\u00famero en los botes.<br \/>\n17.00 hs. entrega de premios.<\/p>\n<p>Por orden de prefectura los cadetes y junior (de 15 a 18 a\u00f1os inclusive) deben presentar autorizaci\u00f3n de los padres para poder largar desde Vta. de Obligado.<\/p>\n","protected":false},"excerpt":{"rendered":"<p>El retorno de la hist\u00f3rica regata del Club Pescadores y N\u00e1utica de San Pedro, en homenaje a \u201cJos\u00e9 Deluchi\u201d se llevar\u00e1 a cabo el s\u00e1bado 8 del corriente mes. Se correr\u00e1 desde Vuelta de Obligado hasta la d\u00e1rsena del nombrado Club. Las categor\u00edas que participan son Cadetes, Junior, Senior y Master \u201cA\u201d, \u201cB\u201d y \u201cC\u201d [&hellip;]<\/p>\n","protected":false},"author":4,"featured_media":15466,"comment_status":"open","ping_status":"closed","sticky":false,"template":"","format":"standard","meta":{"om_disable_all_campaigns":false,"_jetpack_memberships_contains_paid_content":false,"footnotes":""},"categories":[5],"tags":[],"class_list":["post-17088","post","type-post","status-publish","format-standard","has-post-thumbnail","hentry","category-deportes"],"aioseo_notices":[],"gutentor_comment":0,"jetpack_featured_media_url":"https:\/\/eldiariodesanpedro.com.ar\/sitio\/wp-content\/uploads\/2017\/03\/Canotaje.jpg","jetpack_shortlink":"https:\/\/wp.me\/p6RhLt-4rC","jetpack_sharing_enabled":true,"_links":{"self":[{"href":"https:\/\/eldiariodesanpedro.com.ar\/sitio\/wp-json\/wp\/v2\/posts\/17088","targetHints":{"allow":["GET"]}}],"collection":[{"href":"https:\/\/eldiariodesanpedro.com.ar\/sitio\/wp-json\/wp\/v2\/posts"}],"about":[{"href":"https:\/\/eldiariodesanpedro.com.ar\/sitio\/wp-json\/wp\/v2\/types\/post"}],"author":[{"embeddable":true,"href":"https:\/\/eldiariodesanpedro.com.ar\/sitio\/wp-json\/wp\/v2\/users\/4"}],"replies":[{"embeddable":true,"href":"https:\/\/eldiariodesanpedro.com.ar\/sitio\/wp-json\/wp\/v2\/comments?post=17088"}],"version-history":[{"count":2,"href":"https:\/\/eldiariodesanpedro.com.ar\/sitio\/wp-json\/wp\/v2\/posts\/17088\/revisions"}],"predecessor-version":[{"id":17093,"href":"https:\/\/eldiariodesanpedro.com.ar\/sitio\/wp-json\/wp\/v2\/posts\/17088\/revisions\/17093"}],"wp:featuredmedia":[{"embeddable":true,"href":"https:\/\/eldiariodesanpedro.com.ar\/sitio\/wp-json\/wp\/v2\/media\/15466"}],"wp:attachment":[{"href":"https:\/\/eldiariodesanpedro.com.ar\/sitio\/wp-json\/wp\/v2\/media?parent=17088"}],"wp:term":[{"taxonomy":"category","embeddable":true,"href":"https:\/\/eldiariodesanpedro.com.ar\/sitio\/wp-json\/wp\/v2\/categories?post=17088"},{"taxonomy":"post_tag","embeddable":true,"href":"https:\/\/eldiariodesanpedro.com.ar\/sitio\/wp-json\/wp\/v2\/tags?post=17088"}],"curies":[{"name":"wp","href":"https:\/\/api.w.org\/{rel}","templated":true}]}}