{"id":17082,"date":"2017-04-06T19:42:05","date_gmt":"2017-04-06T22:42:05","guid":{"rendered":"https:\/\/eldiariodesanpedro.com.ar\/sitio\/?p=17082"},"modified":"2017-04-06T19:42:05","modified_gmt":"2017-04-06T22:42:05","slug":"recuperaron-la-libertad-tres-detenidos-por-pedido-de-captura-activo","status":"publish","type":"post","link":"https:\/\/eldiariodesanpedro.com.ar\/sitio\/recuperaron-la-libertad-tres-detenidos-por-pedido-de-captura-activo\/","title":{"rendered":"RECUPERARON LA LIBERTAD: Tres detenidos por pedido de captura activo"},"content":{"rendered":"<p><!-- VideographyWP Plugin Message: Automatic video embedding prevented by plugin options. --><br \/>\nEl primero de ellos fue realizado por personal de la comisar\u00eda y de la polic\u00eda local y ocurri\u00f3 en la calle Obligado al 2200. El sujeto de 45 a\u00f1os oriundo de la Localidad de la Reja, fue identificado y all\u00ed se pudo establecer que sobre el reg\u00eda dicha medida con fecha de alta del 30\/12\/2004. La misma hab\u00eda sido solicitada por el Juzgado Correccional n\u00b0 3 de La Matanza. Se procedi\u00f3 a su aprehensi\u00f3n y fue trasladado hasta seccional Policial.<\/p>\n<p>El magistrado interviniente, aval\u00f3 lo actuado y dispuso para con la persona la notificaci\u00f3n de la causa, y su posterior libertad.<\/p>\n<p>El otro caso fue en calle Obligado al 2200. Un hombre de 41 a\u00f1os, oriundo de Moreno, presentaba \u201cpedido de captura activo\u201d del pasado 18\/02\/2011, solicitado por Tribunal Criminal N\u00b0 4 de San Mart\u00edn. Luego de las actuaciones legales, el juzgado interviniente dispuso que quede en libertad. <\/p>\n<p>Por \u00faltimo en Mitre y Ruta 1001, una persona de sexo masculino de 34 a\u00f1os, oriundo de nuestra ciudad, ten\u00eda en su contra una disposici\u00f3n similar, dispuesta por el Juzgado de Paz Local. Luego de su paso a la dependencia local fue liberado.<\/p>\n","protected":false},"excerpt":{"rendered":"<p>El primero de ellos fue realizado por personal de la comisar\u00eda y de la polic\u00eda local y ocurri\u00f3 en la calle Obligado al 2200. El sujeto de 45 a\u00f1os oriundo de la Localidad de la Reja, fue identificado y all\u00ed se pudo establecer que sobre el reg\u00eda dicha medida con fecha de alta del 30\/12\/2004. [&hellip;]<\/p>\n","protected":false},"author":4,"featured_media":5796,"comment_status":"open","ping_status":"closed","sticky":false,"template":"","format":"standard","meta":{"om_disable_all_campaigns":false,"_jetpack_memberships_contains_paid_content":false,"footnotes":""},"categories":[50,2,103],"tags":[],"class_list":["post-17082","post","type-post","status-publish","format-standard","has-post-thumbnail","hentry","category-destacadas","category-locales","category-policiales-locales"],"aioseo_notices":[],"gutentor_comment":0,"jetpack_featured_media_url":"https:\/\/eldiariodesanpedro.com.ar\/sitio\/wp-content\/uploads\/2016\/07\/0007654707-1.jpg","jetpack_shortlink":"https:\/\/wp.me\/p6RhLt-4rw","jetpack_sharing_enabled":true,"_links":{"self":[{"href":"https:\/\/eldiariodesanpedro.com.ar\/sitio\/wp-json\/wp\/v2\/posts\/17082","targetHints":{"allow":["GET"]}}],"collection":[{"href":"https:\/\/eldiariodesanpedro.com.ar\/sitio\/wp-json\/wp\/v2\/posts"}],"about":[{"href":"https:\/\/eldiariodesanpedro.com.ar\/sitio\/wp-json\/wp\/v2\/types\/post"}],"author":[{"embeddable":true,"href":"https:\/\/eldiariodesanpedro.com.ar\/sitio\/wp-json\/wp\/v2\/users\/4"}],"replies":[{"embeddable":true,"href":"https:\/\/eldiariodesanpedro.com.ar\/sitio\/wp-json\/wp\/v2\/comments?post=17082"}],"version-history":[{"count":1,"href":"https:\/\/eldiariodesanpedro.com.ar\/sitio\/wp-json\/wp\/v2\/posts\/17082\/revisions"}],"predecessor-version":[{"id":17084,"href":"https:\/\/eldiariodesanpedro.com.ar\/sitio\/wp-json\/wp\/v2\/posts\/17082\/revisions\/17084"}],"wp:featuredmedia":[{"embeddable":true,"href":"https:\/\/eldiariodesanpedro.com.ar\/sitio\/wp-json\/wp\/v2\/media\/5796"}],"wp:attachment":[{"href":"https:\/\/eldiariodesanpedro.com.ar\/sitio\/wp-json\/wp\/v2\/media?parent=17082"}],"wp:term":[{"taxonomy":"category","embeddable":true,"href":"https:\/\/eldiariodesanpedro.com.ar\/sitio\/wp-json\/wp\/v2\/categories?post=17082"},{"taxonomy":"post_tag","embeddable":true,"href":"https:\/\/eldiariodesanpedro.com.ar\/sitio\/wp-json\/wp\/v2\/tags?post=17082"}],"curies":[{"name":"wp","href":"https:\/\/api.w.org\/{rel}","templated":true}]}}