{"id":17079,"date":"2017-04-06T19:16:24","date_gmt":"2017-04-06T22:16:24","guid":{"rendered":"https:\/\/eldiariodesanpedro.com.ar\/sitio\/?p=17079"},"modified":"2017-04-06T19:16:24","modified_gmt":"2017-04-06T22:16:24","slug":"una-mujer-hirio-a-otras-dos-con-un-arma-blanca","status":"publish","type":"post","link":"https:\/\/eldiariodesanpedro.com.ar\/sitio\/una-mujer-hirio-a-otras-dos-con-un-arma-blanca\/","title":{"rendered":"Una mujer hiri\u00f3 a otras dos con un arma blanca"},"content":{"rendered":"<p><!-- VideographyWP Plugin Message: Automatic video embedding prevented by plugin options. --><br \/>\nLa situaci\u00f3n se gener\u00f3 luego del allanamiento que se llev\u00f3 a cabo en Aul\u00ed 1200. Seg\u00fan se pudo establecer, una hermana la persona imputada, una mujer mayor, responsabiliza de la medida tomada por la Justicia a otra familia y como consecuencia agredi\u00f3 con un arma blanca a dos menores de 14 a\u00f1os.<\/p>\n<p>Todo el episodio, se gener\u00f3 tras un allanamiento realizado por efectivos policiales de la Sub DDI San Pedro \u2013 Baradero y de la Comisar\u00eda local, quienes realizaron la diligencia en una vivienda de calle Aul\u00ed al 1250.<\/p>\n<p>La investigaci\u00f3n se inici\u00f3 tras la denuncia radicada en la Comisaria de la Mujer y la Familia d\u00edas atr\u00e1s, por un delito caratulado como \u201cHurto\u201d por la UFI N\u00b0 5.<\/p>\n<p>A ra\u00edz de la orden otorgada por el Juzgado de Garant\u00edas N\u00b0 2 se logr\u00f3 el secuestro de un equipo de m\u00fasica, una motocicleta Gilera 150 cc, una alcanc\u00eda entre otros efectos de inter\u00e9s para la causa.<\/p>\n<p>En tanto que para con el morador, se procedi\u00f3 a  cumplimentar recaudos legales de rigor.<\/p>\n","protected":false},"excerpt":{"rendered":"<p>La situaci\u00f3n se gener\u00f3 luego del allanamiento que se llev\u00f3 a cabo en Aul\u00ed 1200. Seg\u00fan se pudo establecer, una hermana la persona imputada, una mujer mayor, responsabiliza de la medida tomada por la Justicia a otra familia y como consecuencia agredi\u00f3 con un arma blanca a dos menores de 14 a\u00f1os. Todo el episodio, [&hellip;]<\/p>\n","protected":false},"author":4,"featured_media":17080,"comment_status":"open","ping_status":"closed","sticky":false,"template":"","format":"standard","meta":{"om_disable_all_campaigns":false,"_jetpack_memberships_contains_paid_content":false,"footnotes":""},"categories":[2,103],"tags":[],"class_list":["post-17079","post","type-post","status-publish","format-standard","has-post-thumbnail","hentry","category-locales","category-policiales-locales"],"aioseo_notices":[],"gutentor_comment":0,"jetpack_featured_media_url":"https:\/\/eldiariodesanpedro.com.ar\/sitio\/wp-content\/uploads\/2017\/04\/moto-recuperada-en-allanamiento.jpg","jetpack_shortlink":"https:\/\/wp.me\/p6RhLt-4rt","jetpack_sharing_enabled":true,"_links":{"self":[{"href":"https:\/\/eldiariodesanpedro.com.ar\/sitio\/wp-json\/wp\/v2\/posts\/17079","targetHints":{"allow":["GET"]}}],"collection":[{"href":"https:\/\/eldiariodesanpedro.com.ar\/sitio\/wp-json\/wp\/v2\/posts"}],"about":[{"href":"https:\/\/eldiariodesanpedro.com.ar\/sitio\/wp-json\/wp\/v2\/types\/post"}],"author":[{"embeddable":true,"href":"https:\/\/eldiariodesanpedro.com.ar\/sitio\/wp-json\/wp\/v2\/users\/4"}],"replies":[{"embeddable":true,"href":"https:\/\/eldiariodesanpedro.com.ar\/sitio\/wp-json\/wp\/v2\/comments?post=17079"}],"version-history":[{"count":1,"href":"https:\/\/eldiariodesanpedro.com.ar\/sitio\/wp-json\/wp\/v2\/posts\/17079\/revisions"}],"predecessor-version":[{"id":17081,"href":"https:\/\/eldiariodesanpedro.com.ar\/sitio\/wp-json\/wp\/v2\/posts\/17079\/revisions\/17081"}],"wp:featuredmedia":[{"embeddable":true,"href":"https:\/\/eldiariodesanpedro.com.ar\/sitio\/wp-json\/wp\/v2\/media\/17080"}],"wp:attachment":[{"href":"https:\/\/eldiariodesanpedro.com.ar\/sitio\/wp-json\/wp\/v2\/media?parent=17079"}],"wp:term":[{"taxonomy":"category","embeddable":true,"href":"https:\/\/eldiariodesanpedro.com.ar\/sitio\/wp-json\/wp\/v2\/categories?post=17079"},{"taxonomy":"post_tag","embeddable":true,"href":"https:\/\/eldiariodesanpedro.com.ar\/sitio\/wp-json\/wp\/v2\/tags?post=17079"}],"curies":[{"name":"wp","href":"https:\/\/api.w.org\/{rel}","templated":true}]}}