{"id":17076,"date":"2017-04-06T19:00:21","date_gmt":"2017-04-06T22:00:21","guid":{"rendered":"https:\/\/eldiariodesanpedro.com.ar\/sitio\/?p=17076"},"modified":"2017-04-06T20:50:07","modified_gmt":"2017-04-06T23:50:07","slug":"con-adhesion-total-del-transporte-urbano-y-de-carga-se-desarrollo-el-paro-general-en-san-pedro","status":"publish","type":"post","link":"https:\/\/eldiariodesanpedro.com.ar\/sitio\/con-adhesion-total-del-transporte-urbano-y-de-carga-se-desarrollo-el-paro-general-en-san-pedro\/","title":{"rendered":"Con adhesi\u00f3n total del transporte urbano y de carga se desarroll\u00f3 el paro general en San Pedro"},"content":{"rendered":"<p><!-- VideographyWP Plugin Message: Automatic video embedding prevented by plugin options. --><br \/>\nEl primer paro general durante el gobierno de Mauricio Macri se hizo sentir en la ciudad, principalmente en el transporte de cargas, de personas y en los gremios docentes. El municipio, con menos personal, funcion\u00f3 en la mayor\u00eda de sus \u00e1reas.<\/p>\n<p>Los trabajadores municipales, tanto el Sindicato de Trabajadores Municipales como ATE adhirieron a la medida. Gustavo Gauna de la Asociaci\u00f3n de Trabajadores del Estado, manifest\u00f3, a trav\u00e9s de  \u201cLa Radio 92.3\u201d: \u201cNuestro gremio ya hab\u00eda determinado que se adhiere al paro de la CGT, en los tres niveles que tenemos representaci\u00f3n de afiliados (Naci\u00f3n, Provincia, Municipios)\u201d.<\/p>\n<p>En tanto que asegur\u00f3 que dieron \u201cla posibilidad a los empleados que se quieran adherir, est\u00e1n respaldados por el gremio\u201d.<\/p>\n<p>\u201cNo estamos de acuerdo con la pol\u00edtica que ha implementado el Gobierno Nacional y Provincial y que ha bajado l\u00ednea a los distintos municipios\u201d, dijo luego.<\/p>\n<p>Al tiempo que Susana Gonzalo de CICOP, explic\u00f3 a trav\u00e9s de la emisora: \u201cDecidimos ya que ven\u00edamos de un reciente acuerdo, la semana pasada\u201d y \u201cse decidi\u00f3 no adherir a este paro\u201d.<\/p>\n<p>Es por ello que la atenci\u00f3n es normal en el Hospital y los Centros de Salud y en Desarrollo Humano.<\/p>\n<p>Al tiempo que explic\u00f3 que no claudicaron en el reclamo de cobrar \u201cm\u00e1s a t\u00e9rmino\u201d lo estamos haciendo \u201cdespu\u00e9s del 15\u201d.<\/p>\n<p>Por su partes, Maximiliano Cabaleiro del Sindicato de Choferes de Camiones, manifest\u00f3: \u201cLas pol\u00edticas que este gobierno est\u00e1 llevando a cabo no son beneficiosas para el conjunto de los trabajadores, no siendo nuestro gremio uno de los m\u00e1s damnificados\u201d.<\/p>\n<p>\u201cTenemos una  muy grave situaci\u00f3n en la empresa Sancor y tambi\u00e9n en lo que es el cereal que todav\u00eda no ha arrancado en su temporada a pleno\u201d, dijo. Y agreg\u00f3: \u201cSe est\u00e1 viendo una merma muy importante en lo que son las ventas y el consumo de la gente\u201d.<\/p>\n<p>En tanto que durante la jornada se apostaron en las entrada a la ciudad por Ruta 1001 y 191 para \u201cque los camiones puedan parar efectivamente y no realizar la jornada laboral\u201d.<\/p>\n<p>Tambi\u00e9n los trabajadores de la educaci\u00f3n se adosaron a la protesta nacional. En nuestra ciudad, SUTEBA, UDOCBA y UEB (Adherida de FEB) est\u00e1n parando.<\/p>\n<p>Sebasti\u00e1n Ortiz, de la comisi\u00f3n directiva de la Uni\u00f3n de Educadores Bonaerenses dijo que adem\u00e1s de la medida de hoy, \u201cse vot\u00f3 en las 133 bases que integran la FEB, la nuestra no fue la excepci\u00f3n, se desici\u00f3n continuar el plan de lucha con acciones distritales\u201d. La opciones son: \u201cVolanteadas, movilizaciones, de reuniones, de peque\u00f1as asambleas. Todav\u00eda no hemos puesto fecha pero es lo que vot\u00f3 el congreso.<\/p>\n<p>Otros gremios que est\u00e1n siendo parte de la medida de fuerza son: La Uni\u00f3n Tranviarios Automotor (UTA) por lo que no hay servicio de transporte urbano. \u201cLuz y Fuerza\u201d por lo que el funcionamiento de la Coopser es restringido. Las oficinas de atenci\u00f3n al p\u00fablico est\u00e1n cerradas y s\u00f3lo se mantendr\u00e1n los servicios de guardia.<\/p>\n<p>Mediante un comunicado desde el Sindicato de Empleados de Comercio de San Pedro informaron \u201cque adhieren al Paro General\u201d.<\/p>\n<p>Al tiempo que la Comisi\u00f3n Directiva del Sindicato de la Industria del Papel de San Pedro comunicaron \u201csu adhesi\u00f3n al paro general convocado por la Confederaci\u00f3n General del Trabajo para este jueves 6 de abril. Esta decisi\u00f3n ha sido tomada ante la p\u00e9rdida de innumerables puestos de trabajo a lo largo del pa\u00eds. Rechazamos enf\u00e1ticamente los intentos de ponerle techo a las negociaciones paritarias y las medidas de ajuste adoptadas en los \u00faltimos meses\u201d.<\/p>\n<p>Tambi\u00e9n forman parte de la jornada, ATSA (Sanidad), UOCRA, SITRAIC, AEFIP, entre otros.<\/p>\n<p><strong>\u00abEl paro general es contundente\u00bb<\/strong><\/p>\n<p>Lo asuegr\u00f3 esta ma\u00f1ana H\u00e9ctor Daer, uno de los tres secretarios generales de la CGT, sindicato de orientaci\u00f3n peronista que forz\u00f3 la primera medida de fuerza general contra Macri desde que asumiera en 2015, en protesta por la delicada situaci\u00f3n econ\u00f3mica que atraviesa gran parte de la poblaci\u00f3n.<\/p>\n<p>Los gremios denuncian la ca\u00edda del poder adquisitivo de la poblaci\u00f3n a causa de la fuerte inflaci\u00f3n, que en 2016 super\u00f3 el 40 %, y de una actividad econ\u00f3mica que todav\u00eda no arranca, pese a las promesas de crecimiento que esgrimieron desde el Gobierno durante el a\u00f1o pasado.<\/p>\n<p>Mientras el sindicalista hablaba en una rueda de prensa, la Polic\u00eda intentaba controlar los piquetes y cortes de carreteras que comenzaron a desarrollarse desde la madrugada de este jueves en las entradas a las principales urbes del pa\u00eds, aunque la tensi\u00f3n se vivi\u00f3 sobre todo en los accesos a la ciudad de Buenos Aires.<\/p>\n<p>Con un amplio despliegue de agentes antidisturbios y camiones hidrantes, la Gendarmer\u00eda nacional reprimi\u00f3 esta ma\u00f1ana con gases lacrim\u00f3genos a un grupo de manifestantes que hab\u00eda cortado el tr\u00e1fico en la ruta Panamericana, uno de los principales accesos al norte de la capital.<\/p>\n<p>El incidente, que se sald\u00f3 con varios heridos y nueve detenidos, ocurri\u00f3 despu\u00e9s de que la ministra de Seguridad argentina, Patricia Bullrich, ordenara liberar la carretera: \u00abSi no responden, actuar\u00e1n. Actuar significa desalojar para que la gente pueda trasladarse\u00bb, dijo esta ma\u00f1ana.<\/p>\n","protected":false},"excerpt":{"rendered":"<p>El primer paro general durante el gobierno de Mauricio Macri se hizo sentir en la ciudad, principalmente en el transporte de cargas, de personas y en los gremios docentes. El municipio, con menos personal, funcion\u00f3 en la mayor\u00eda de sus \u00e1reas. Los trabajadores municipales, tanto el Sindicato de Trabajadores Municipales como ATE adhirieron a la [&hellip;]<\/p>\n","protected":false},"author":4,"featured_media":17077,"comment_status":"open","ping_status":"closed","sticky":false,"template":"","format":"standard","meta":{"om_disable_all_campaigns":false,"_jetpack_memberships_contains_paid_content":false,"footnotes":""},"categories":[50,2,102],"tags":[],"class_list":["post-17076","post","type-post","status-publish","format-standard","has-post-thumbnail","hentry","category-destacadas","category-locales","category-politica-locales"],"aioseo_notices":[],"gutentor_comment":0,"jetpack_featured_media_url":"https:\/\/eldiariodesanpedro.com.ar\/sitio\/wp-content\/uploads\/2017\/04\/paro-general-san-pedro.jpg","jetpack_shortlink":"https:\/\/wp.me\/p6RhLt-4rq","jetpack_sharing_enabled":true,"_links":{"self":[{"href":"https:\/\/eldiariodesanpedro.com.ar\/sitio\/wp-json\/wp\/v2\/posts\/17076","targetHints":{"allow":["GET"]}}],"collection":[{"href":"https:\/\/eldiariodesanpedro.com.ar\/sitio\/wp-json\/wp\/v2\/posts"}],"about":[{"href":"https:\/\/eldiariodesanpedro.com.ar\/sitio\/wp-json\/wp\/v2\/types\/post"}],"author":[{"embeddable":true,"href":"https:\/\/eldiariodesanpedro.com.ar\/sitio\/wp-json\/wp\/v2\/users\/4"}],"replies":[{"embeddable":true,"href":"https:\/\/eldiariodesanpedro.com.ar\/sitio\/wp-json\/wp\/v2\/comments?post=17076"}],"version-history":[{"count":1,"href":"https:\/\/eldiariodesanpedro.com.ar\/sitio\/wp-json\/wp\/v2\/posts\/17076\/revisions"}],"predecessor-version":[{"id":17078,"href":"https:\/\/eldiariodesanpedro.com.ar\/sitio\/wp-json\/wp\/v2\/posts\/17076\/revisions\/17078"}],"wp:featuredmedia":[{"embeddable":true,"href":"https:\/\/eldiariodesanpedro.com.ar\/sitio\/wp-json\/wp\/v2\/media\/17077"}],"wp:attachment":[{"href":"https:\/\/eldiariodesanpedro.com.ar\/sitio\/wp-json\/wp\/v2\/media?parent=17076"}],"wp:term":[{"taxonomy":"category","embeddable":true,"href":"https:\/\/eldiariodesanpedro.com.ar\/sitio\/wp-json\/wp\/v2\/categories?post=17076"},{"taxonomy":"post_tag","embeddable":true,"href":"https:\/\/eldiariodesanpedro.com.ar\/sitio\/wp-json\/wp\/v2\/tags?post=17076"}],"curies":[{"name":"wp","href":"https:\/\/api.w.org\/{rel}","templated":true}]}}