{"id":17073,"date":"2017-04-06T18:34:35","date_gmt":"2017-04-06T21:34:35","guid":{"rendered":"https:\/\/eldiariodesanpedro.com.ar\/sitio\/?p=17073"},"modified":"2017-04-06T18:34:35","modified_gmt":"2017-04-06T21:34:35","slug":"ramallo-continua-avanzando-el-plan-de-obra-hidraulica","status":"publish","type":"post","link":"https:\/\/eldiariodesanpedro.com.ar\/sitio\/ramallo-continua-avanzando-el-plan-de-obra-hidraulica\/","title":{"rendered":"RAMALLO: Contin\u00faa Avanzando el Plan de Obra Hidr\u00e1ulica"},"content":{"rendered":"<p><!-- VideographyWP Plugin Message: Automatic video embedding prevented by plugin options. --><br \/>\nComprende la Intersecci\u00f3n de las calles Leloir y Obligado.<\/p>\n<p>Esta semana contin\u00faan las obras de hidr\u00e1ulica que va a permitir que el desag\u00fce de toda la calle Obligado que va hacia Leloir drene mucho m\u00e1s r\u00e1pido.<\/p>\n<p>\u201cEste trabajo es un tema que ven\u00eda siendo reclamado por los vecinos desde hace muchos a\u00f1os\u201d, enfatiza el Intendente Poletti y afirma: \u201choy estamos muy contentos de poder estar llevando adelante esta obra de gran envergadura que cambiar\u00e1 las condiciones de vida de los vecinos de esa zona y de toda la comunidad que debe transitar por estos lugares\u201d.<\/p>\n<p>Dicho Plan de Obra Hidr\u00e1ulica que est\u00e1 a cargo de empleados municipales y cooperativas de trabajo local podr\u00e1 evitar posibles inundaciones ante grandes lluvias dejando tranquilidad a toda la poblaci\u00f3n.<\/p>\n<p>Para dicha obra se van a utilizar 150 m3 de hormig\u00f3n, 50 m3 de RDC (Relleno de Densidad Controlada) y 30 horas de maquinaria pesada (retro excavadora).<\/p>\n<p>Si las condiciones clim\u00e1ticas lo permiten dicha obra culminar\u00e1 en 15 d\u00edas.<\/p>\n","protected":false},"excerpt":{"rendered":"<p>Comprende la Intersecci\u00f3n de las calles Leloir y Obligado. Esta semana contin\u00faan las obras de hidr\u00e1ulica que va a permitir que el desag\u00fce de toda la calle Obligado que va hacia Leloir drene mucho m\u00e1s r\u00e1pido. \u201cEste trabajo es un tema que ven\u00eda siendo reclamado por los vecinos desde hace muchos a\u00f1os\u201d, enfatiza el Intendente [&hellip;]<\/p>\n","protected":false},"author":4,"featured_media":17074,"comment_status":"open","ping_status":"closed","sticky":false,"template":"","format":"standard","meta":{"om_disable_all_campaigns":false,"_jetpack_memberships_contains_paid_content":false,"footnotes":""},"categories":[621],"tags":[],"class_list":["post-17073","post","type-post","status-publish","format-standard","has-post-thumbnail","hentry","category-regionales"],"aioseo_notices":[],"gutentor_comment":0,"jetpack_featured_media_url":"https:\/\/eldiariodesanpedro.com.ar\/sitio\/wp-content\/uploads\/2017\/04\/Plan-de-Obra-Hidr\u00e1ulica-Ramallo.jpg","jetpack_shortlink":"https:\/\/wp.me\/p6RhLt-4rn","jetpack_sharing_enabled":true,"_links":{"self":[{"href":"https:\/\/eldiariodesanpedro.com.ar\/sitio\/wp-json\/wp\/v2\/posts\/17073","targetHints":{"allow":["GET"]}}],"collection":[{"href":"https:\/\/eldiariodesanpedro.com.ar\/sitio\/wp-json\/wp\/v2\/posts"}],"about":[{"href":"https:\/\/eldiariodesanpedro.com.ar\/sitio\/wp-json\/wp\/v2\/types\/post"}],"author":[{"embeddable":true,"href":"https:\/\/eldiariodesanpedro.com.ar\/sitio\/wp-json\/wp\/v2\/users\/4"}],"replies":[{"embeddable":true,"href":"https:\/\/eldiariodesanpedro.com.ar\/sitio\/wp-json\/wp\/v2\/comments?post=17073"}],"version-history":[{"count":1,"href":"https:\/\/eldiariodesanpedro.com.ar\/sitio\/wp-json\/wp\/v2\/posts\/17073\/revisions"}],"predecessor-version":[{"id":17075,"href":"https:\/\/eldiariodesanpedro.com.ar\/sitio\/wp-json\/wp\/v2\/posts\/17073\/revisions\/17075"}],"wp:featuredmedia":[{"embeddable":true,"href":"https:\/\/eldiariodesanpedro.com.ar\/sitio\/wp-json\/wp\/v2\/media\/17074"}],"wp:attachment":[{"href":"https:\/\/eldiariodesanpedro.com.ar\/sitio\/wp-json\/wp\/v2\/media?parent=17073"}],"wp:term":[{"taxonomy":"category","embeddable":true,"href":"https:\/\/eldiariodesanpedro.com.ar\/sitio\/wp-json\/wp\/v2\/categories?post=17073"},{"taxonomy":"post_tag","embeddable":true,"href":"https:\/\/eldiariodesanpedro.com.ar\/sitio\/wp-json\/wp\/v2\/tags?post=17073"}],"curies":[{"name":"wp","href":"https:\/\/api.w.org\/{rel}","templated":true}]}}