{"id":17070,"date":"2017-04-06T18:31:04","date_gmt":"2017-04-06T21:31:04","guid":{"rendered":"https:\/\/eldiariodesanpedro.com.ar\/sitio\/?p=17070"},"modified":"2017-04-06T18:31:04","modified_gmt":"2017-04-06T21:31:04","slug":"pergamino-esta-profugo-el-jefe-de-la-comisaria-donde-murieron-siete-presos","status":"publish","type":"post","link":"https:\/\/eldiariodesanpedro.com.ar\/sitio\/pergamino-esta-profugo-el-jefe-de-la-comisaria-donde-murieron-siete-presos\/","title":{"rendered":"PERGAMINO: Est\u00e1 pr\u00f3fugo el jefe de la comisar\u00eda donde murieron siete presos"},"content":{"rendered":"<p><!-- VideographyWP Plugin Message: Automatic video embedding prevented by plugin options. --><br \/>\nSi bien en las \u00faltimas horas hab\u00eda trascendido versiones de que el comisario Donza se hab\u00eda entregado voluntariamente,desde la fiscal\u00eda confirmaron , que el mismo contin\u00faa pr\u00f3fugo de la justicia a pesar de que la semana pasada hab\u00eda presentado un escrito en el que se pon\u00eda a \u201cdisposici\u00f3n de la Justicia\u201d.<\/p>\n<p>Estaba a cargo de la comisar\u00eda de Pergamino en la que murieron siete presos durante un incendio, present\u00f3 un escrito en el que se puso \u201ca disposici\u00f3n de la Justicia\u201d y ahora nadie lo puede encontrar. El comisario Alberto Donza est\u00e1 considerado \u201cpr\u00f3fugo\u201d: ya tiene un pedido de captura en su contra.<\/p>\n<p>Es el \u00fanico de los seis imputados en la causa que todav\u00eda no pudo ser ubicado. El lunes, funcionarios de Asuntos Internos del Ministerio de Seguridad bonaerense detuvieron a los otros cinco polic\u00edas que la tarde del 2 de marzo pasado se encontraban en el edificio ubicado en Dorrego 654 de Pergamino.<\/p>\n<p>Seg\u00fan confirmaron fuentes judiciales , el fiscal de la UFI N\u00b0 3, Nelson Mastorchio, los imput\u00f3 por \u201cabandono de persona agravado por muerte y multiplicidad de v\u00edctimas\u201d. Un delito que prev\u00e9 una pena de entre 5 y 15 a\u00f1os.<\/p>\n<p>Se trata del sargento C\u00e9sar Brian Carrizo, el teniente primero Sergio Ram\u00f3n Rodas, los oficiales Alexis Miguel Eva y Mat\u00edas Exequiel Giulietti, y la ayudante de guardia Carolina Denise Guevara. A todos les secuestraron los celulares.<\/p>\n<p>No obstante, cuando la brigada de Asuntos Internos fue a allanar la casa de Donza, en Jun\u00edn, no pudieron ubicarlo. Eso llam\u00f3 la atenci\u00f3n de los investigadores, ya que la semana pasada el comisario, a trav\u00e9s de su abogado, present\u00f3 un escrito en el que se pon\u00eda \u201ca disposici\u00f3n de la Justicia\u201d.<\/p>\n<p>Para entonces, el fiscal Mastorchio ya hab\u00eda requerido su detenci\u00f3n, que el juzgado de Garant\u00edas N\u00b0 1 a cargo de C\u00e9sar Solazzi resolvi\u00f3 el domingo. Quienes siguen de cerca el expediente creen que Donza \u201cya se ve\u00eda venir\u201d la orden de arresto y por eso hizo llegar el documento en vez de presentarse por su cuenta. Ahora, est\u00e1 considerado pr\u00f3fugo y ya se libr\u00f3 una orden de captura en su contra.<\/p>\n<p>Sobre la tarde tr\u00e1gica en la que murieron los siete presos, alojados en el sector 1 de calabozos, la principal hip\u00f3tesis es que los polic\u00edas \u201cno hicieron lo que ten\u00edan que hacer\u201d y hasta \u201cobstaculizaron\u201d el rescate.<\/p>\n<p>Seg\u00fan la reconstrucci\u00f3n oficial de los hechos, todo comenz\u00f3 con una pelea entre dos reclusos en un patio y, como castigo, los agentes los encerraron a todos en sus celdas. Luego, un grupo alojado en el sector 1 comenz\u00f3 una protesta e incendi\u00f3 colchones hacia el pasillo. Cuando los bomberos llegaron se encontraron con puertas trabadas y llaves que no aparec\u00edan. (http:\/\/www.pergaminoverdad.com.ar)<\/p>\n","protected":false},"excerpt":{"rendered":"<p>Si bien en las \u00faltimas horas hab\u00eda trascendido versiones de que el comisario Donza se hab\u00eda entregado voluntariamente,desde la fiscal\u00eda confirmaron , que el mismo contin\u00faa pr\u00f3fugo de la justicia a pesar de que la semana pasada hab\u00eda presentado un escrito en el que se pon\u00eda a \u201cdisposici\u00f3n de la Justicia\u201d. Estaba a cargo de [&hellip;]<\/p>\n","protected":false},"author":4,"featured_media":17071,"comment_status":"open","ping_status":"closed","sticky":false,"template":"","format":"standard","meta":{"om_disable_all_campaigns":false,"_jetpack_memberships_contains_paid_content":false,"footnotes":""},"categories":[621],"tags":[],"class_list":["post-17070","post","type-post","status-publish","format-standard","has-post-thumbnail","hentry","category-regionales"],"aioseo_notices":[],"gutentor_comment":0,"jetpack_featured_media_url":"https:\/\/eldiariodesanpedro.com.ar\/sitio\/wp-content\/uploads\/2017\/04\/Pr\u00f3fugo-comisario-Alberto-Donza.jpg","jetpack_shortlink":"https:\/\/wp.me\/p6RhLt-4rk","jetpack_sharing_enabled":true,"_links":{"self":[{"href":"https:\/\/eldiariodesanpedro.com.ar\/sitio\/wp-json\/wp\/v2\/posts\/17070","targetHints":{"allow":["GET"]}}],"collection":[{"href":"https:\/\/eldiariodesanpedro.com.ar\/sitio\/wp-json\/wp\/v2\/posts"}],"about":[{"href":"https:\/\/eldiariodesanpedro.com.ar\/sitio\/wp-json\/wp\/v2\/types\/post"}],"author":[{"embeddable":true,"href":"https:\/\/eldiariodesanpedro.com.ar\/sitio\/wp-json\/wp\/v2\/users\/4"}],"replies":[{"embeddable":true,"href":"https:\/\/eldiariodesanpedro.com.ar\/sitio\/wp-json\/wp\/v2\/comments?post=17070"}],"version-history":[{"count":1,"href":"https:\/\/eldiariodesanpedro.com.ar\/sitio\/wp-json\/wp\/v2\/posts\/17070\/revisions"}],"predecessor-version":[{"id":17072,"href":"https:\/\/eldiariodesanpedro.com.ar\/sitio\/wp-json\/wp\/v2\/posts\/17070\/revisions\/17072"}],"wp:featuredmedia":[{"embeddable":true,"href":"https:\/\/eldiariodesanpedro.com.ar\/sitio\/wp-json\/wp\/v2\/media\/17071"}],"wp:attachment":[{"href":"https:\/\/eldiariodesanpedro.com.ar\/sitio\/wp-json\/wp\/v2\/media?parent=17070"}],"wp:term":[{"taxonomy":"category","embeddable":true,"href":"https:\/\/eldiariodesanpedro.com.ar\/sitio\/wp-json\/wp\/v2\/categories?post=17070"},{"taxonomy":"post_tag","embeddable":true,"href":"https:\/\/eldiariodesanpedro.com.ar\/sitio\/wp-json\/wp\/v2\/tags?post=17070"}],"curies":[{"name":"wp","href":"https:\/\/api.w.org\/{rel}","templated":true}]}}