{"id":17036,"date":"2017-04-05T21:15:51","date_gmt":"2017-04-06T00:15:51","guid":{"rendered":"https:\/\/eldiariodesanpedro.com.ar\/sitio\/?p=17036"},"modified":"2026-01-24T00:26:45","modified_gmt":"2026-01-24T03:26:45","slug":"federal-c-somisa-sera-el-rival-de-atletico-luego-de-dejar-atras-a-argentino-de-pergamino","status":"publish","type":"post","link":"https:\/\/eldiariodesanpedro.com.ar\/sitio\/federal-c-somisa-sera-el-rival-de-atletico-luego-de-dejar-atras-a-argentino-de-pergamino\/","title":{"rendered":"FEDERAL C: SOMISA ser\u00e1 el rival de Atl\u00e9tico luego de dejar atr\u00e1s a Argentino de Pergamino"},"content":{"rendered":"<p><!-- VideographyWP Plugin Message: Automatic video embedding prevented by plugin options. --><br \/>\nEl equipo del Barrio Somisa viaj\u00f3 hasta la localidad de Pergamino a disputar el partido de vuelta por el torneo Federal C, ante el elenco de Argentino de esa ciudad. El domingo en San Nicol\u00e1s se juega el partido de ida de la segunda fase, enfrentando a Atl\u00e9tico Baradero.<\/p>\n<p><strong>S\u00edntesis:<\/strong><br \/>\nArgentino (1): Juan Gaynor, Fausto Fiol, Nazareno Leidi, Enzo Rold\u00e1n y Sergio Campos, Joaqu\u00edn Fern\u00e1ndez, Franco Capdevila, Sergio Su\u00e1rez y Luciano C\u00f3rdoba, Maximiliano Medina y Adri\u00e1n Aranda. DT: Rub\u00e9n P\u00e9rez.<\/p>\n<p>SOMISA (2): Tahiel Ponte, Juan Mart\u00ednez, Alejandro Slavin, Nicol\u00e1s Mal\u00edn y Cristi\u00e1n Villarruel; Nicanor Sawicz, Nicol\u00e1s Lescano, Juan Ignacio Tomasini y Cristi\u00e1n Frontini, Sebasti\u00e1n Maggi y Leandro Z\u00e1rate. DT: Walter Natali.<\/p>\n<p>Goles: 26\u00b4 L. Z\u00e1rate (S); 52\u00b4 S. Maggi (S), 65\u00b4 Leidi (A)<\/p>\n<p>Cambios: ST al comenzar, Eugenio Grosso por Capdevila (A), 18\u00b4 Ignacio G\u00f3mez por S. Maggi (S), 36\u00b4 Cristi\u00e1n P\u00e9rez por J. Tomasini (S), 47\u00b4 Facundo Squilachi por L. Z\u00e1rate (S).<\/p>\n<p>Incidencias: Expulsados: ST 33\u00b4 Aranda (A) y R. P\u00e9rez DT del local, por exceso verbal.<\/p>\n","protected":false},"excerpt":{"rendered":"<p>El equipo del Barrio Somisa viaj\u00f3 hasta la localidad de Pergamino a disputar el partido de vuelta por el torneo Federal C, ante el elenco de Argentino de esa ciudad. El domingo en San Nicol\u00e1s se juega el partido de ida de la segunda fase, enfrentando a Atl\u00e9tico Baradero. S\u00edntesis: Argentino (1): Juan Gaynor, Fausto [&hellip;]<\/p>\n","protected":false},"author":4,"featured_media":11060,"comment_status":"open","ping_status":"closed","sticky":false,"template":"","format":"standard","meta":{"om_disable_all_campaigns":false,"_jetpack_memberships_contains_paid_content":false,"footnotes":""},"categories":[5],"tags":[],"class_list":["post-17036","post","type-post","status-publish","format-standard","has-post-thumbnail","hentry","category-deportes"],"aioseo_notices":[],"gutentor_comment":0,"jetpack_featured_media_url":"https:\/\/eldiariodesanpedro.com.ar\/sitio\/wp-content\/uploads\/2016\/12\/futbol-5.jpg","jetpack_shortlink":"https:\/\/wp.me\/p6RhLt-4qM","jetpack_sharing_enabled":true,"_links":{"self":[{"href":"https:\/\/eldiariodesanpedro.com.ar\/sitio\/wp-json\/wp\/v2\/posts\/17036","targetHints":{"allow":["GET"]}}],"collection":[{"href":"https:\/\/eldiariodesanpedro.com.ar\/sitio\/wp-json\/wp\/v2\/posts"}],"about":[{"href":"https:\/\/eldiariodesanpedro.com.ar\/sitio\/wp-json\/wp\/v2\/types\/post"}],"author":[{"embeddable":true,"href":"https:\/\/eldiariodesanpedro.com.ar\/sitio\/wp-json\/wp\/v2\/users\/4"}],"replies":[{"embeddable":true,"href":"https:\/\/eldiariodesanpedro.com.ar\/sitio\/wp-json\/wp\/v2\/comments?post=17036"}],"version-history":[{"count":1,"href":"https:\/\/eldiariodesanpedro.com.ar\/sitio\/wp-json\/wp\/v2\/posts\/17036\/revisions"}],"predecessor-version":[{"id":17037,"href":"https:\/\/eldiariodesanpedro.com.ar\/sitio\/wp-json\/wp\/v2\/posts\/17036\/revisions\/17037"}],"wp:featuredmedia":[{"embeddable":true,"href":"https:\/\/eldiariodesanpedro.com.ar\/sitio\/wp-json\/wp\/v2\/media\/11060"}],"wp:attachment":[{"href":"https:\/\/eldiariodesanpedro.com.ar\/sitio\/wp-json\/wp\/v2\/media?parent=17036"}],"wp:term":[{"taxonomy":"category","embeddable":true,"href":"https:\/\/eldiariodesanpedro.com.ar\/sitio\/wp-json\/wp\/v2\/categories?post=17036"},{"taxonomy":"post_tag","embeddable":true,"href":"https:\/\/eldiariodesanpedro.com.ar\/sitio\/wp-json\/wp\/v2\/tags?post=17036"}],"curies":[{"name":"wp","href":"https:\/\/api.w.org\/{rel}","templated":true}]}}