{"id":17032,"date":"2017-04-05T21:13:21","date_gmt":"2017-04-06T00:13:21","guid":{"rendered":"https:\/\/eldiariodesanpedro.com.ar\/sitio\/?p=17032"},"modified":"2026-01-24T00:26:45","modified_gmt":"2026-01-24T03:26:45","slug":"ciclismo-basualdo-y-villarruel-son-duenos-del-panoramico","status":"publish","type":"post","link":"https:\/\/eldiariodesanpedro.com.ar\/sitio\/ciclismo-basualdo-y-villarruel-son-duenos-del-panoramico\/","title":{"rendered":"CICLISMO: Basualdo y Villarruel son due\u00f1os del Panor\u00e1mico"},"content":{"rendered":"<p><!-- VideographyWP Plugin Message: Automatic video embedding prevented by plugin options. --><br \/>\n  Tres fechas consecutivas a definir entre Agust\u00edn y L\u00e1zaro, en el atractivo circuito \u00abPanor\u00e1mico del Oeste\u00bb. En la competencia de fondo, del s\u00e1bado 1\u00b0 de abril, el triunfo fue para el competidor Agust\u00edn Basualdo y muy cerca estuvo L\u00e1zaro Villarruel, pugnando por la victoria obtenida el s\u00e1bado anterior.<\/p>\n<p>  Nuevamente la convocatoria de Pro Ciclismo San Pedro, sigue sumando ciclistas en las planillas de inscriptos de las distintas categor\u00edas programadas, 145 participantes y el gran n\u00famero de ni\u00f1os atra\u00eddos por la reciente escuelita formada por Juan Jos\u00e9 Paz instalaron alegr\u00eda y sonrisas al numeroso grupo de aficionados que concurre asiduamente a presenciar las reuniones de las \u00abdos ruedas\u00bb, m\u00e1s la buena entrega por parte de los ciclistas en los embalajes especiales impuestos por \u00abBulla\u00bb Peralta, prevalecieron en la jornada y estos fueron los resultados:<\/p>\n<p>  <strong>Infantile<\/strong>s<\/p>\n<p>  Participaron: Emanuel Grosso Vidal &#8211; Joaqu\u00edn Grosso Vidal &#8211; Gonzalo Paz &#8211; Kevin Guerra &#8211; Mauro Banegas &#8211; Miguel Azurmendi (Capilla del Se\u00f1or) &#8211; Renata Paz &#8211; Mateo Mendoza &#8211; Laureano Cardoso &#8211; Annachiara Paz &#8211; Fantino Giuliani &#8211; Justin Giuliani.<\/p>\n<p>  <em>Pe\u00f1a Ciclistas Sampedrinos<\/em><br \/>\n1\u00b0 Claudio Rodr\u00edguez<br \/>\n2\u00b0 Daniel Chipolini<br \/>\n3\u00b0 Iris Ver\u00f3n<br \/>\n4\u00b0 Ra\u00fal Canabal<br \/>\n5\u00b0 Claudio Palacios<\/p>\n<p>  <em>Master \u00abD\u00bb<\/em><br \/>\n1\u00b0 Rub\u00e9n Morales (San Pedro)<br \/>\n2\u00b0 Adalberto Acu\u00f1a (Z\u00e1rate)<br \/>\n3\u00b0 Ra\u00fal Bermejo (Pergamino)<br \/>\n4\u00b0 Roberto Arr\u00f3spide (Salto)<br \/>\n5\u00b0 Jorge Cannata (San Pedro)<\/p>\n<p>  <em>Master \u00abC\u00bb y Mayores<\/em><br \/>\n1\u00b0 Jorge Gallo (Pergamino)<br \/>\n2\u00b0 Daniel Boaglio (San Pedro)<br \/>\n3\u00b0 Rub\u00e9n Echevarne (Salto)<br \/>\n4\u00b0 Rub\u00e9n Gonz\u00e1lez (Z\u00e1rate)<br \/>\n5\u00b0 N\u00e9stor Varela (Arrecifes)<br \/>\n6\u00b0 Jorge Cogliati (Rosario)<br \/>\n7\u00b0 Gustavo Paday (Capit\u00e1n Sarmiento)<br \/>\n8\u00b0 Marcelo Flores (Salto)<\/p>\n<p>  <strong>Ganadores Sprint especiales: Rub\u00e9n Gonz\u00e1lez (Z\u00e1rate), N\u00e9stor Varela (Arrecifes)<\/strong><\/p>\n<p>  <em>Master \u00abB\u00bb<\/em><br \/>\n1\u00b0 Mariano Bianchi (Capit\u00e1n Sarmiento)<br \/>\n2\u00b0 Marcos P\u00e9rez (Salto)<br \/>\n3\u00b0 Javier Azurmendi (Capilla del Se\u00f1or)<br \/>\n4\u00b0 Rub\u00e9n Mayada (Z\u00e1rate)<\/p>\n<p>  <em>Promocionales y Master \u00abA\u00bb<\/em><br \/>\n1\u00b0 Agust\u00edn Basualdo (San Pedro)<br \/>\n2\u00b0 L\u00e1zaro Villarruel (San Pedro)<br \/>\n3\u00b0 Federico Ojeda (Pergamino)<br \/>\n4\u00b0 Cristian Basualdo (San Pedro)<br \/>\n5\u00b0 Justin Joachin (La Luisa)<br \/>\n6\u00b0 Carlos Giuliani (San Pedro)<\/p>\n<p>  Ganadores Sprint especiales: Juan Jos\u00e9 Paz &#8211; Ignacio Pisani &#8211; Federico Ojeda (Pergamino) &#8211; Marcos P\u00e9rez (Salto) &#8211; Juan Pablo Villarruel (San Pedro) &#8211; Ger\u00f3nimo Broggi (Chacabuco) &#8211; Adri\u00e1n Mendoza &#8211; Mauro Puig &#8211; Mario Garibaldi.<\/p>\n","protected":false},"excerpt":{"rendered":"<p>Tres fechas consecutivas a definir entre Agust\u00edn y L\u00e1zaro, en el atractivo circuito \u00abPanor\u00e1mico del Oeste\u00bb. En la competencia de fondo, del s\u00e1bado 1\u00b0 de abril, el triunfo fue para el competidor Agust\u00edn Basualdo y muy cerca estuvo L\u00e1zaro Villarruel, pugnando por la victoria obtenida el s\u00e1bado anterior. Nuevamente la convocatoria de Pro Ciclismo San [&hellip;]<\/p>\n","protected":false},"author":4,"featured_media":17035,"comment_status":"open","ping_status":"closed","sticky":false,"template":"","format":"standard","meta":{"om_disable_all_campaigns":false,"_jetpack_memberships_contains_paid_content":false,"footnotes":""},"categories":[5],"tags":[],"class_list":["post-17032","post","type-post","status-publish","format-standard","has-post-thumbnail","hentry","category-deportes"],"aioseo_notices":[],"gutentor_comment":0,"jetpack_featured_media_url":"https:\/\/eldiariodesanpedro.com.ar\/sitio\/wp-content\/uploads\/2017\/04\/Otro-apasionante-final-en-el-\u201cPanor\u00e1mico-del-Oeste\u201d.jpg","jetpack_shortlink":"https:\/\/wp.me\/p6RhLt-4qI","jetpack_sharing_enabled":true,"_links":{"self":[{"href":"https:\/\/eldiariodesanpedro.com.ar\/sitio\/wp-json\/wp\/v2\/posts\/17032","targetHints":{"allow":["GET"]}}],"collection":[{"href":"https:\/\/eldiariodesanpedro.com.ar\/sitio\/wp-json\/wp\/v2\/posts"}],"about":[{"href":"https:\/\/eldiariodesanpedro.com.ar\/sitio\/wp-json\/wp\/v2\/types\/post"}],"author":[{"embeddable":true,"href":"https:\/\/eldiariodesanpedro.com.ar\/sitio\/wp-json\/wp\/v2\/users\/4"}],"replies":[{"embeddable":true,"href":"https:\/\/eldiariodesanpedro.com.ar\/sitio\/wp-json\/wp\/v2\/comments?post=17032"}],"version-history":[{"count":1,"href":"https:\/\/eldiariodesanpedro.com.ar\/sitio\/wp-json\/wp\/v2\/posts\/17032\/revisions"}],"predecessor-version":[{"id":17034,"href":"https:\/\/eldiariodesanpedro.com.ar\/sitio\/wp-json\/wp\/v2\/posts\/17032\/revisions\/17034"}],"wp:featuredmedia":[{"embeddable":true,"href":"https:\/\/eldiariodesanpedro.com.ar\/sitio\/wp-json\/wp\/v2\/media\/17035"}],"wp:attachment":[{"href":"https:\/\/eldiariodesanpedro.com.ar\/sitio\/wp-json\/wp\/v2\/media?parent=17032"}],"wp:term":[{"taxonomy":"category","embeddable":true,"href":"https:\/\/eldiariodesanpedro.com.ar\/sitio\/wp-json\/wp\/v2\/categories?post=17032"},{"taxonomy":"post_tag","embeddable":true,"href":"https:\/\/eldiariodesanpedro.com.ar\/sitio\/wp-json\/wp\/v2\/tags?post=17032"}],"curies":[{"name":"wp","href":"https:\/\/api.w.org\/{rel}","templated":true}]}}