{"id":17028,"date":"2017-04-05T21:04:53","date_gmt":"2017-04-06T00:04:53","guid":{"rendered":"https:\/\/eldiariodesanpedro.com.ar\/sitio\/?p=17028"},"modified":"2026-01-24T00:26:45","modified_gmt":"2026-01-24T03:26:45","slug":"handball-segunda-victoria-sabalera","status":"publish","type":"post","link":"https:\/\/eldiariodesanpedro.com.ar\/sitio\/handball-segunda-victoria-sabalera\/","title":{"rendered":"HANDBALL: Segunda victoria \u201csabalera\u201d"},"content":{"rendered":"<p><!-- VideographyWP Plugin Message: Automatic video embedding prevented by plugin options. --><br \/>\n  El domingo se disput\u00f3 la sexta jornada de los torneos Apertura \u00abCardiosport\u00bb de la primera divisi\u00f3n de AsBalNor. Se desarroll\u00f3 en su totalidad, en el gimnasio del Club Belgrano. <\/p>\n<p>  El conjunto masculino de Club Sportivo Am\u00e9rica, consigui\u00f3 su segunda victoria frente a Don Bosco con un ajustado tanteador de 28-26.<\/p>\n<p>  El equipo conformado por: Mat\u00edas Ch\u00e1ves, Enzo Biscia, Nicol\u00e1s Bolig, Federico Cao, Rodrigo Ruiz, Federico Millet, El\u00edas Cesar, Mat\u00edas Murillo, Alejandro Breitburg, Mart\u00edn Monzalvo y el DT Leonardo Rimasa.<\/p>\n","protected":false},"excerpt":{"rendered":"<p>El domingo se disput\u00f3 la sexta jornada de los torneos Apertura \u00abCardiosport\u00bb de la primera divisi\u00f3n de AsBalNor. Se desarroll\u00f3 en su totalidad, en el gimnasio del Club Belgrano. El conjunto masculino de Club Sportivo Am\u00e9rica, consigui\u00f3 su segunda victoria frente a Don Bosco con un ajustado tanteador de 28-26. El equipo conformado por: Mat\u00edas [&hellip;]<\/p>\n","protected":false},"author":4,"featured_media":17030,"comment_status":"open","ping_status":"closed","sticky":false,"template":"","format":"standard","meta":{"om_disable_all_campaigns":false,"_jetpack_memberships_contains_paid_content":false,"footnotes":""},"categories":[5],"tags":[],"class_list":["post-17028","post","type-post","status-publish","format-standard","has-post-thumbnail","hentry","category-deportes"],"aioseo_notices":[],"gutentor_comment":0,"jetpack_featured_media_url":"https:\/\/eldiariodesanpedro.com.ar\/sitio\/wp-content\/uploads\/2017\/04\/Equipo-de-Sportivo-Am\u00e9rica.jpg","jetpack_shortlink":"https:\/\/wp.me\/p6RhLt-4qE","jetpack_sharing_enabled":true,"_links":{"self":[{"href":"https:\/\/eldiariodesanpedro.com.ar\/sitio\/wp-json\/wp\/v2\/posts\/17028","targetHints":{"allow":["GET"]}}],"collection":[{"href":"https:\/\/eldiariodesanpedro.com.ar\/sitio\/wp-json\/wp\/v2\/posts"}],"about":[{"href":"https:\/\/eldiariodesanpedro.com.ar\/sitio\/wp-json\/wp\/v2\/types\/post"}],"author":[{"embeddable":true,"href":"https:\/\/eldiariodesanpedro.com.ar\/sitio\/wp-json\/wp\/v2\/users\/4"}],"replies":[{"embeddable":true,"href":"https:\/\/eldiariodesanpedro.com.ar\/sitio\/wp-json\/wp\/v2\/comments?post=17028"}],"version-history":[{"count":1,"href":"https:\/\/eldiariodesanpedro.com.ar\/sitio\/wp-json\/wp\/v2\/posts\/17028\/revisions"}],"predecessor-version":[{"id":17031,"href":"https:\/\/eldiariodesanpedro.com.ar\/sitio\/wp-json\/wp\/v2\/posts\/17028\/revisions\/17031"}],"wp:featuredmedia":[{"embeddable":true,"href":"https:\/\/eldiariodesanpedro.com.ar\/sitio\/wp-json\/wp\/v2\/media\/17030"}],"wp:attachment":[{"href":"https:\/\/eldiariodesanpedro.com.ar\/sitio\/wp-json\/wp\/v2\/media?parent=17028"}],"wp:term":[{"taxonomy":"category","embeddable":true,"href":"https:\/\/eldiariodesanpedro.com.ar\/sitio\/wp-json\/wp\/v2\/categories?post=17028"},{"taxonomy":"post_tag","embeddable":true,"href":"https:\/\/eldiariodesanpedro.com.ar\/sitio\/wp-json\/wp\/v2\/tags?post=17028"}],"curies":[{"name":"wp","href":"https:\/\/api.w.org\/{rel}","templated":true}]}}