{"id":17019,"date":"2017-04-05T19:24:59","date_gmt":"2017-04-05T22:24:59","guid":{"rendered":"https:\/\/eldiariodesanpedro.com.ar\/sitio\/?p=17019"},"modified":"2017-04-05T19:24:59","modified_gmt":"2017-04-05T22:24:59","slug":"funcionamiento-restringido-por-paro-general-de-coopser","status":"publish","type":"post","link":"https:\/\/eldiariodesanpedro.com.ar\/sitio\/funcionamiento-restringido-por-paro-general-de-coopser\/","title":{"rendered":"Funcionamiento restringido por paro general de COOPSER"},"content":{"rendered":"<p><!-- VideographyWP Plugin Message: Automatic video embedding prevented by plugin options. --><br \/>\nCOOPSER informa que ante la adhesi\u00f3n al Paro General de la totalidad de los gremios que componen las diferentes \u00e1reas de la Cooperativa El\u00e9ctrica y el Sanatorio COOPSER, ma\u00f1ana jueves 6 de abril, el funcionamiento ser\u00e1 restringido. Las oficinas de atenci\u00f3n al p\u00fablico estar\u00e1n cerradas y s\u00f3lo se mantendr\u00e1n los servicios de guardia. Se agradece difusi\u00f3n.<\/p>\n","protected":false},"excerpt":{"rendered":"<p>COOPSER informa que ante la adhesi\u00f3n al Paro General de la totalidad de los gremios que componen las diferentes \u00e1reas de la Cooperativa El\u00e9ctrica y el Sanatorio COOPSER, ma\u00f1ana jueves 6 de abril, el funcionamiento ser\u00e1 restringido. Las oficinas de atenci\u00f3n al p\u00fablico estar\u00e1n cerradas y s\u00f3lo se mantendr\u00e1n los servicios de guardia. Se agradece [&hellip;]<\/p>\n","protected":false},"author":4,"featured_media":6360,"comment_status":"open","ping_status":"closed","sticky":false,"template":"","format":"standard","meta":{"om_disable_all_campaigns":false,"_jetpack_memberships_contains_paid_content":false,"footnotes":""},"categories":[101,2],"tags":[],"class_list":["post-17019","post","type-post","status-publish","format-standard","has-post-thumbnail","hentry","category-interes-general-locales","category-locales"],"aioseo_notices":[],"gutentor_comment":0,"jetpack_featured_media_url":"https:\/\/eldiariodesanpedro.com.ar\/sitio\/wp-content\/uploads\/2016\/07\/coopser.jpg","jetpack_shortlink":"https:\/\/wp.me\/p6RhLt-4qv","jetpack_sharing_enabled":true,"_links":{"self":[{"href":"https:\/\/eldiariodesanpedro.com.ar\/sitio\/wp-json\/wp\/v2\/posts\/17019","targetHints":{"allow":["GET"]}}],"collection":[{"href":"https:\/\/eldiariodesanpedro.com.ar\/sitio\/wp-json\/wp\/v2\/posts"}],"about":[{"href":"https:\/\/eldiariodesanpedro.com.ar\/sitio\/wp-json\/wp\/v2\/types\/post"}],"author":[{"embeddable":true,"href":"https:\/\/eldiariodesanpedro.com.ar\/sitio\/wp-json\/wp\/v2\/users\/4"}],"replies":[{"embeddable":true,"href":"https:\/\/eldiariodesanpedro.com.ar\/sitio\/wp-json\/wp\/v2\/comments?post=17019"}],"version-history":[{"count":1,"href":"https:\/\/eldiariodesanpedro.com.ar\/sitio\/wp-json\/wp\/v2\/posts\/17019\/revisions"}],"predecessor-version":[{"id":17020,"href":"https:\/\/eldiariodesanpedro.com.ar\/sitio\/wp-json\/wp\/v2\/posts\/17019\/revisions\/17020"}],"wp:featuredmedia":[{"embeddable":true,"href":"https:\/\/eldiariodesanpedro.com.ar\/sitio\/wp-json\/wp\/v2\/media\/6360"}],"wp:attachment":[{"href":"https:\/\/eldiariodesanpedro.com.ar\/sitio\/wp-json\/wp\/v2\/media?parent=17019"}],"wp:term":[{"taxonomy":"category","embeddable":true,"href":"https:\/\/eldiariodesanpedro.com.ar\/sitio\/wp-json\/wp\/v2\/categories?post=17019"},{"taxonomy":"post_tag","embeddable":true,"href":"https:\/\/eldiariodesanpedro.com.ar\/sitio\/wp-json\/wp\/v2\/tags?post=17019"}],"curies":[{"name":"wp","href":"https:\/\/api.w.org\/{rel}","templated":true}]}}