{"id":17013,"date":"2017-04-05T19:14:01","date_gmt":"2017-04-05T22:14:01","guid":{"rendered":"https:\/\/eldiariodesanpedro.com.ar\/sitio\/?p=17013"},"modified":"2017-04-05T19:21:51","modified_gmt":"2017-04-05T22:21:51","slug":"ramanzini-participo-en-san-nicolas-de-la-presentacion-de-la-escuela-de-gobierno-junto-a-massa","status":"publish","type":"post","link":"https:\/\/eldiariodesanpedro.com.ar\/sitio\/ramanzini-participo-en-san-nicolas-de-la-presentacion-de-la-escuela-de-gobierno-junto-a-massa\/","title":{"rendered":"Ramanzini particip\u00f3 en San Nicol\u00e1s de la presentaci\u00f3n de la Escuela de Gobierno, junto a Massa"},"content":{"rendered":"<p><!-- VideographyWP Plugin Message: Automatic video embedding prevented by plugin options. --><br \/>\nEl presidente del Bloque del Frente Renovador local, acompa\u00f1ado del concejal suplente y dirigente del gremio de Choferes de Camioneras en nuestra ciudad Fernando Esp\u00edndola  y la Subsecretaria Legislativa del HCD, Karen Rodr\u00edguez.<\/p>\n<p>Sergio Massa y el ex Ministro de Econom\u00eda Roberto Lavagna, acompa\u00f1ados por el diputado provincial Lisandro Bonelli y junto a destacados referentes de la fuerza pol\u00edtica, qued\u00f3 oficialmente presentada la escuela de Gobierno de San Nicol\u00e1s \u201cPara trabajar durante este a\u00f1o y varios a\u00f1os m\u00e1s\u201d.<\/p>\n<p>Mientras Massa atend\u00eda a la prensa en el sal\u00f3n contiguo al auditorio, adentro desarrollaron un interesante panel sobre actualidad pol\u00edtica y econ\u00f3mico y evoluci\u00f3n de la situaci\u00f3n desde el golpe militar hasta el presente a cargo Aldo Pignanelli, Mirta Tundis, Daniel Arroyo, Gustavo Iaies, Jorge Sarghini y Ramiro Guti\u00e9rrez. <\/p>\n<p>Cerca  de las 20 Sergio Masa junto a  Lisandro Bonelli respondi\u00f3 las preguntas que los medios locales le formularon antes de ingresar al sal\u00f3n auditorio.<\/p>\n<p>Se refiri\u00f3 a la escuela de gobierno \u201cestamos poniendo en marcha en toda la provincia esta propuesta de formaci\u00f3n en un momento que en el pa\u00eds no aparecen soluciones a los problemas puntuales de la gente apuntamos a preparar a la gente con dirigentes de mucha trayectoria como Roberto Lavagna, Jose Ignacio de Mendiguren, Aldo Pignanelli, Mirta Tundis, Daniel Arroyo, Gustavo Iaies, Jorge Sarghini,  Ramiro Guti\u00e9rrez, porque sentimos que la improvisaci\u00f3n genera fracaso, que las peleas van y vienen y no se solucionan los problemas de la gente. Y honestamente creemos que hay que preparar dirigentes no para ver quien grita m\u00e1s en la televisi\u00f3n  o quien dice la frase m\u00e1s descalificatoria  del otro, sino para  ver quien est\u00e1 m\u00e1s capacitado para resolver  los problemas cotidianos. En estos momentos Argentina tiene problemas en materia  de salarios porque la plata no alcanza, en materia d servicios  porque han aumentado  de manera descomunal la luz el gas  el agua y el tel\u00e9fono, ahora  aumentan los colegios privados,. Todo esto tiene que ver con la falta de planificaci\u00f3n no solamente  con un problema de estructura econ\u00f3mica sino con la falta de planificaci\u00f3n Si ustedes  siguen las variaciones de salario y las variaciones de tarifas van a ver como la gente  ha perdido plata todo los d\u00edas. A la mayor\u00eda  ole cuesta llenar el changuito del supermercado. Y esto tiene que ver con que las tarifas y los servicios  subieron m\u00e1s   que los salarios\u201d.<\/p>\n<p><strong>\u201cCerraron cinco mil ochocientas pymes\u201d <\/strong><\/p>\n<p>Al referirse a la pol\u00edtica que desarrolla el Gobierno y si esta es industrialistas expres\u00f3 Massa ;  \u201cArgentina tiene una base  industrial compuesta por el 72 por ciento de pymes. Y la verdad es que a las Pymes les est\u00e1 yendo muy mal. Han cerrado 5800 pymes en lo que lleva de mandato este gobierno. Tenemos adem\u00e1s importaciones de productos  que se producen ac\u00e1 en la argentina y si  bien es  cierto que un producto importado que entra muchas veces sirve para regular precios, muchas otras veces  genera despidos. Hoy las Pymes compiten con productos que tiene otros reg\u00edmenes de impuestos y tarifas  y enfrenta una adversidad dif\u00edcil de resolver\u201d. <\/p>\n<p><strong>Nuestro destino<\/strong><\/p>\n<p>Massa se refiri\u00f3 a expresiones que Sol\u00e1 formul\u00f3 hace algunos d\u00edas y las ratific\u00f3 \u201cNuestro destino est\u00e1 unido como dijo Felipe Sola al de todos los peronistas., Pero no al de los ladrones. Nos  vamos a hacer cargo de aquellos peronistas creen en la justicia social, que tiene sue\u00f1os, no de los ladrones\u201d . <\/p>\n<p><strong>Yrigoyen, Per\u00f3n y Frondizi<\/strong><\/p>\n<p>La Escuela de Gobierno del Frente Renovador (bautizada YPF en honor a los hist\u00f3ricos dirigentes Hip\u00f3lito Yrigoyen, Juan Domingo Per\u00f3n y Arturo Frondizi) consta de varios cursos de diversas extensiones. Los dos ejes de la Escuela son la transmisi\u00f3n de plataformas de gobierno y servir de plataforma de vinculaci\u00f3n. La escuela lleva unos tres a\u00f1os y medio de existencia  y desde el a\u00f1o pasado el desaf\u00edo de sus impulsores fue  expandir la Escuela territorialmente y desarrollarse tecnol\u00f3gicamente. \u201cLos buenos gobernantes  estudian\u201d es el slogan de esta escuela que propone diferentes temas a todos aquellos que quieren saber cuestiones vinculadas con la escuela  de gobierno m\u00e1s all\u00e1 del partido en el que militen. <\/p>\n<p>En cuanto a los temas que fueron  abordados por los integrantes del panel, Pignanelli hizo un an\u00e1lisis de la econom\u00eda nacional antes del inicio del gobierno de Cambiemos y un diagn\u00f3stico de situaci\u00f3n posterior a ese punto, a partir de las acciones tomadas por el equipo econ\u00f3mico del presidente Mauricio Macri, mientras que Daniel Arroyo abord\u00f3 la cuesti\u00f3n social y Mirta Tundis, especialista en materia previsional, puso foco en la situaci\u00f3n de los ex somiseros que vienen teniendo inconvenientes con sus tr\u00e1mites de jubilaci\u00f3n (Fuente Diario El Norte).<\/p>\n<p><a href=\"https:\/\/eldiariodesanpedro.com.ar\/sitio\/wp-content\/uploads\/2017\/04\/Ramanzini-particip\u00f3-en-San-Nicol\u00e1s-de-la-presentaci\u00f3n-de-la-Escuela-de-Gobierno-junto-a-Massa.jpg\"><img decoding=\"async\" data-attachment-id=\"17016\" data-permalink=\"https:\/\/eldiariodesanpedro.com.ar\/sitio\/ramanzini-participo-en-san-nicolas-de-la-presentacion-de-la-escuela-de-gobierno-junto-a-massa\/ramanzini-participo-en-san-nicolas-de-la-presentacion-de-la-escuela-de-gobierno-junto-a-massa\/\" data-orig-file=\"https:\/\/eldiariodesanpedro.com.ar\/sitio\/wp-content\/uploads\/2017\/04\/Ramanzini-particip\u00f3-en-San-Nicol\u00e1s-de-la-presentaci\u00f3n-de-la-Escuela-de-Gobierno-junto-a-Massa.jpg\" data-orig-size=\"800,534\" data-comments-opened=\"1\" data-image-meta=\"{&quot;aperture&quot;:&quot;0&quot;,&quot;credit&quot;:&quot;&quot;,&quot;camera&quot;:&quot;&quot;,&quot;caption&quot;:&quot;&quot;,&quot;created_timestamp&quot;:&quot;0&quot;,&quot;copyright&quot;:&quot;&quot;,&quot;focal_length&quot;:&quot;0&quot;,&quot;iso&quot;:&quot;0&quot;,&quot;shutter_speed&quot;:&quot;0&quot;,&quot;title&quot;:&quot;&quot;,&quot;orientation&quot;:&quot;0&quot;}\" data-image-title=\"Ramanzini particip\u00f3 en San Nicol\u00e1s de la presentaci\u00f3n de la Escuela de Gobierno, junto a Massa\" data-image-description=\"\" data-image-caption=\"\" data-large-file=\"https:\/\/eldiariodesanpedro.com.ar\/sitio\/wp-content\/uploads\/2017\/04\/Ramanzini-particip\u00f3-en-San-Nicol\u00e1s-de-la-presentaci\u00f3n-de-la-Escuela-de-Gobierno-junto-a-Massa.jpg\" data-src=\"https:\/\/eldiariodesanpedro.com.ar\/sitio\/wp-content\/uploads\/2017\/04\/Ramanzini-particip\u00f3-en-San-Nicol\u00e1s-de-la-presentaci\u00f3n-de-la-Escuela-de-Gobierno-junto-a-Massa-300x200.jpg\" alt=\"\" width=\"300\" height=\"200\" class=\"alignnone size-medium wp-image-17016 lazyload\" data-srcset=\"https:\/\/eldiariodesanpedro.com.ar\/sitio\/wp-content\/uploads\/2017\/04\/Ramanzini-particip\u00f3-en-San-Nicol\u00e1s-de-la-presentaci\u00f3n-de-la-Escuela-de-Gobierno-junto-a-Massa-300x200.jpg 300w, https:\/\/eldiariodesanpedro.com.ar\/sitio\/wp-content\/uploads\/2017\/04\/Ramanzini-particip\u00f3-en-San-Nicol\u00e1s-de-la-presentaci\u00f3n-de-la-Escuela-de-Gobierno-junto-a-Massa-768x513.jpg 768w, https:\/\/eldiariodesanpedro.com.ar\/sitio\/wp-content\/uploads\/2017\/04\/Ramanzini-particip\u00f3-en-San-Nicol\u00e1s-de-la-presentaci\u00f3n-de-la-Escuela-de-Gobierno-junto-a-Massa.jpg 800w\" data-sizes=\"(max-width: 300px) 100vw, 300px\" src=\"data:image\/svg+xml;base64,PHN2ZyB3aWR0aD0iMSIgaGVpZ2h0PSIxIiB4bWxucz0iaHR0cDovL3d3dy53My5vcmcvMjAwMC9zdmciPjwvc3ZnPg==\" style=\"--smush-placeholder-width: 300px; --smush-placeholder-aspect-ratio: 300\/200;\" \/><\/a><\/p>\n","protected":false},"excerpt":{"rendered":"<p>El presidente del Bloque del Frente Renovador local, acompa\u00f1ado del concejal suplente y dirigente del gremio de Choferes de Camioneras en nuestra ciudad Fernando Esp\u00edndola y la Subsecretaria Legislativa del HCD, Karen Rodr\u00edguez. Sergio Massa y el ex Ministro de Econom\u00eda Roberto Lavagna, acompa\u00f1ados por el diputado provincial Lisandro Bonelli y junto a destacados referentes [&hellip;]<\/p>\n","protected":false},"author":4,"featured_media":17015,"comment_status":"open","ping_status":"closed","sticky":false,"template":"","format":"standard","meta":{"om_disable_all_campaigns":false,"_jetpack_memberships_contains_paid_content":false,"footnotes":""},"categories":[2,102],"tags":[],"class_list":["post-17013","post","type-post","status-publish","format-standard","has-post-thumbnail","hentry","category-locales","category-politica-locales"],"aioseo_notices":[],"gutentor_comment":0,"jetpack_featured_media_url":"https:\/\/eldiariodesanpedro.com.ar\/sitio\/wp-content\/uploads\/2017\/04\/Ramanzini-particip\u00f3-en-San-Nicol\u00e1s-de-la-presentaci\u00f3n-de-la-Escuela-de-Gobierno.jpg","jetpack_shortlink":"https:\/\/wp.me\/p6RhLt-4qp","jetpack_sharing_enabled":true,"_links":{"self":[{"href":"https:\/\/eldiariodesanpedro.com.ar\/sitio\/wp-json\/wp\/v2\/posts\/17013","targetHints":{"allow":["GET"]}}],"collection":[{"href":"https:\/\/eldiariodesanpedro.com.ar\/sitio\/wp-json\/wp\/v2\/posts"}],"about":[{"href":"https:\/\/eldiariodesanpedro.com.ar\/sitio\/wp-json\/wp\/v2\/types\/post"}],"author":[{"embeddable":true,"href":"https:\/\/eldiariodesanpedro.com.ar\/sitio\/wp-json\/wp\/v2\/users\/4"}],"replies":[{"embeddable":true,"href":"https:\/\/eldiariodesanpedro.com.ar\/sitio\/wp-json\/wp\/v2\/comments?post=17013"}],"version-history":[{"count":2,"href":"https:\/\/eldiariodesanpedro.com.ar\/sitio\/wp-json\/wp\/v2\/posts\/17013\/revisions"}],"predecessor-version":[{"id":17018,"href":"https:\/\/eldiariodesanpedro.com.ar\/sitio\/wp-json\/wp\/v2\/posts\/17013\/revisions\/17018"}],"wp:featuredmedia":[{"embeddable":true,"href":"https:\/\/eldiariodesanpedro.com.ar\/sitio\/wp-json\/wp\/v2\/media\/17015"}],"wp:attachment":[{"href":"https:\/\/eldiariodesanpedro.com.ar\/sitio\/wp-json\/wp\/v2\/media?parent=17013"}],"wp:term":[{"taxonomy":"category","embeddable":true,"href":"https:\/\/eldiariodesanpedro.com.ar\/sitio\/wp-json\/wp\/v2\/categories?post=17013"},{"taxonomy":"post_tag","embeddable":true,"href":"https:\/\/eldiariodesanpedro.com.ar\/sitio\/wp-json\/wp\/v2\/tags?post=17013"}],"curies":[{"name":"wp","href":"https:\/\/api.w.org\/{rel}","templated":true}]}}