{"id":17011,"date":"2017-04-05T19:11:02","date_gmt":"2017-04-05T22:11:02","guid":{"rendered":"https:\/\/eldiariodesanpedro.com.ar\/sitio\/?p=17011"},"modified":"2017-04-05T19:45:09","modified_gmt":"2017-04-05T22:45:09","slug":"ulises-fernandez-fue-trasladado-al-penal-de-san-nicolas","status":"publish","type":"post","link":"https:\/\/eldiariodesanpedro.com.ar\/sitio\/ulises-fernandez-fue-trasladado-al-penal-de-san-nicolas\/","title":{"rendered":"Ulises Fern\u00e1ndez fue trasladado al penal de San Nicol\u00e1s (v\u00eddeo)"},"content":{"rendered":"<p><!-- VideographyWP Plugin Message: Automatic video embedding prevented by plugin options. --><br \/>\nJuntos a otros 5 aprehendidos que estaban alojados en la comisar\u00eda local, en la ma\u00f1ana de este mi\u00e9rcoles el \u00fanico imputado por el momento en la causa en donde se investiga el asesinato del productor Ariel Gomila. Adem\u00e1s se le imputa el delito de comercializaci\u00f3n de estupefacientes y tenencias de arma. El mismo se encuentra a disposici\u00f3n del Juzgado de Garant\u00edas N\u00ba 2.<\/p>\n<p>La UFI N\u00ba 5 tiene 15 d\u00edas desde su detenci\u00f3n prorrogables 15 m\u00e1s para pedir la prisi\u00f3n preventiva.<\/p>\n<p>De las tres causas que se le imputan, la que a\u00fan se debe profundizar es la del crimen de Gomila. \u201cTenemos que profundizar la investigaci\u00f3n, porque le hecho fue de noche, en la zona rural con dos personas en el lugar, una que no vio nada y la otra fallecida\u201d, explic\u00f3 el Fiscal Manso.<\/p>\n<p>En tanto que explic\u00f3 que la prisi\u00f3n preventiva que ser\u00e1 requerida al Juez de Garant\u00edas \u201ces una medida de coerci\u00f3n porque \u00e9l ya demostr\u00f3 y puso en evidencia su intenci\u00f3n de profugarse y de garantizar que se llegue a un juicio oral\u201d.<\/p>\n<p>Al tiempo que aclar\u00f3: \u201cTenemos que terminar la investigaci\u00f3n en un plazo de 10 meses. Venimos con muchas pruebas incorporadas y entendemos que va a terminar mucho antes de ello\u201d.<\/p>\n<div class=\"fb-video\" data-allowfullscreen=\"true\" data-href=\"https:\/\/www.facebook.com\/eldiario.desanpedro\/videos\/596723770536766\/\" style=\"background-color: #fff; display: inline-block;\"><\/div>\n","protected":false},"excerpt":{"rendered":"<p>Juntos a otros 5 aprehendidos que estaban alojados en la comisar\u00eda local, en la ma\u00f1ana de este mi\u00e9rcoles el \u00fanico imputado por el momento en la causa en donde se investiga el asesinato del productor Ariel Gomila. Adem\u00e1s se le imputa el delito de comercializaci\u00f3n de estupefacientes y tenencias de arma. El mismo se encuentra [&hellip;]<\/p>\n","protected":false},"author":4,"featured_media":17012,"comment_status":"open","ping_status":"closed","sticky":false,"template":"","format":"standard","meta":{"om_disable_all_campaigns":false,"_jetpack_memberships_contains_paid_content":false,"footnotes":""},"categories":[50,2,103],"tags":[],"class_list":["post-17011","post","type-post","status-publish","format-standard","has-post-thumbnail","hentry","category-destacadas","category-locales","category-policiales-locales"],"aioseo_notices":[],"gutentor_comment":0,"jetpack_featured_media_url":"https:\/\/eldiariodesanpedro.com.ar\/sitio\/wp-content\/uploads\/2017\/04\/Ulises-Fern\u00e1ndez.jpg","jetpack_shortlink":"https:\/\/wp.me\/p6RhLt-4qn","jetpack_sharing_enabled":true,"_links":{"self":[{"href":"https:\/\/eldiariodesanpedro.com.ar\/sitio\/wp-json\/wp\/v2\/posts\/17011","targetHints":{"allow":["GET"]}}],"collection":[{"href":"https:\/\/eldiariodesanpedro.com.ar\/sitio\/wp-json\/wp\/v2\/posts"}],"about":[{"href":"https:\/\/eldiariodesanpedro.com.ar\/sitio\/wp-json\/wp\/v2\/types\/post"}],"author":[{"embeddable":true,"href":"https:\/\/eldiariodesanpedro.com.ar\/sitio\/wp-json\/wp\/v2\/users\/4"}],"replies":[{"embeddable":true,"href":"https:\/\/eldiariodesanpedro.com.ar\/sitio\/wp-json\/wp\/v2\/comments?post=17011"}],"version-history":[{"count":2,"href":"https:\/\/eldiariodesanpedro.com.ar\/sitio\/wp-json\/wp\/v2\/posts\/17011\/revisions"}],"predecessor-version":[{"id":17024,"href":"https:\/\/eldiariodesanpedro.com.ar\/sitio\/wp-json\/wp\/v2\/posts\/17011\/revisions\/17024"}],"wp:featuredmedia":[{"embeddable":true,"href":"https:\/\/eldiariodesanpedro.com.ar\/sitio\/wp-json\/wp\/v2\/media\/17012"}],"wp:attachment":[{"href":"https:\/\/eldiariodesanpedro.com.ar\/sitio\/wp-json\/wp\/v2\/media?parent=17011"}],"wp:term":[{"taxonomy":"category","embeddable":true,"href":"https:\/\/eldiariodesanpedro.com.ar\/sitio\/wp-json\/wp\/v2\/categories?post=17011"},{"taxonomy":"post_tag","embeddable":true,"href":"https:\/\/eldiariodesanpedro.com.ar\/sitio\/wp-json\/wp\/v2\/tags?post=17011"}],"curies":[{"name":"wp","href":"https:\/\/api.w.org\/{rel}","templated":true}]}}