{"id":17008,"date":"2017-04-05T19:00:34","date_gmt":"2017-04-05T22:00:34","guid":{"rendered":"https:\/\/eldiariodesanpedro.com.ar\/sitio\/?p=17008"},"modified":"2017-04-05T19:00:34","modified_gmt":"2017-04-05T22:00:34","slug":"sufrio-una-grave-herida-se-baleo-accidentalmente-en-ramallo-un-joven-de-la-policia-local","status":"publish","type":"post","link":"https:\/\/eldiariodesanpedro.com.ar\/sitio\/sufrio-una-grave-herida-se-baleo-accidentalmente-en-ramallo-un-joven-de-la-policia-local\/","title":{"rendered":"SUFRI\u00d3 UNA GRAVE HERIDA: Se bale\u00f3 accidentalmente en Ramallo un joven de la Polic\u00eda Local"},"content":{"rendered":"<p><!-- VideographyWP Plugin Message: Automatic video embedding prevented by plugin options. --><br \/>\nQued\u00f3 herido en una de sus piernas, cuando se le dispar\u00f3 el arma de fuego. Ocurri\u00f3 en Villa Ramallo y fue derivado al Hospital Gomendio de dicha ciudad.<\/p>\n<p>Se trata de un joven integrante de la recientemente creada fuerza policial local que en momentos de estar prepar\u00e1ndose para ir a tomar su turno se bale\u00f3 en forma accidental en una de sus piernas. El hecho se produjo el pasado lunes en Villa Ramallo, pero reci\u00e9n tom\u00f3 estado p\u00fablico en las \u00faltimas horas.<\/p>\n<p>El joven fue atendido por la herida que sufri\u00f3 en el hospital Gomendio, all\u00ed se dio cuenta que la bala le ingres\u00f3 por el muslo, toc\u00f3 el hueso f\u00e9mur y sali\u00f3 por la pierna provoc\u00e1ndole una herida grave teniendo en cuenta el tiempo que le llevar\u00e1 su recuperaci\u00f3n, y fue dado de alta en el mediod\u00eda de ayer.<\/p>\n<p>Intervino en el hecho la Ayudant\u00eda Fiscal de Ramallo. (http:\/\/www.diarioelnorte.com.ar)<\/p>\n","protected":false},"excerpt":{"rendered":"<p>Qued\u00f3 herido en una de sus piernas, cuando se le dispar\u00f3 el arma de fuego. Ocurri\u00f3 en Villa Ramallo y fue derivado al Hospital Gomendio de dicha ciudad. Se trata de un joven integrante de la recientemente creada fuerza policial local que en momentos de estar prepar\u00e1ndose para ir a tomar su turno se bale\u00f3 [&hellip;]<\/p>\n","protected":false},"author":4,"featured_media":11344,"comment_status":"open","ping_status":"closed","sticky":false,"template":"","format":"standard","meta":{"om_disable_all_campaigns":false,"_jetpack_memberships_contains_paid_content":false,"footnotes":""},"categories":[621],"tags":[],"class_list":["post-17008","post","type-post","status-publish","format-standard","has-post-thumbnail","hentry","category-regionales"],"aioseo_notices":[],"gutentor_comment":0,"jetpack_featured_media_url":"https:\/\/eldiariodesanpedro.com.ar\/sitio\/wp-content\/uploads\/2016\/12\/policia-local-muni-.jpg","jetpack_shortlink":"https:\/\/wp.me\/p6RhLt-4qk","jetpack_sharing_enabled":true,"_links":{"self":[{"href":"https:\/\/eldiariodesanpedro.com.ar\/sitio\/wp-json\/wp\/v2\/posts\/17008","targetHints":{"allow":["GET"]}}],"collection":[{"href":"https:\/\/eldiariodesanpedro.com.ar\/sitio\/wp-json\/wp\/v2\/posts"}],"about":[{"href":"https:\/\/eldiariodesanpedro.com.ar\/sitio\/wp-json\/wp\/v2\/types\/post"}],"author":[{"embeddable":true,"href":"https:\/\/eldiariodesanpedro.com.ar\/sitio\/wp-json\/wp\/v2\/users\/4"}],"replies":[{"embeddable":true,"href":"https:\/\/eldiariodesanpedro.com.ar\/sitio\/wp-json\/wp\/v2\/comments?post=17008"}],"version-history":[{"count":1,"href":"https:\/\/eldiariodesanpedro.com.ar\/sitio\/wp-json\/wp\/v2\/posts\/17008\/revisions"}],"predecessor-version":[{"id":17010,"href":"https:\/\/eldiariodesanpedro.com.ar\/sitio\/wp-json\/wp\/v2\/posts\/17008\/revisions\/17010"}],"wp:featuredmedia":[{"embeddable":true,"href":"https:\/\/eldiariodesanpedro.com.ar\/sitio\/wp-json\/wp\/v2\/media\/11344"}],"wp:attachment":[{"href":"https:\/\/eldiariodesanpedro.com.ar\/sitio\/wp-json\/wp\/v2\/media?parent=17008"}],"wp:term":[{"taxonomy":"category","embeddable":true,"href":"https:\/\/eldiariodesanpedro.com.ar\/sitio\/wp-json\/wp\/v2\/categories?post=17008"},{"taxonomy":"post_tag","embeddable":true,"href":"https:\/\/eldiariodesanpedro.com.ar\/sitio\/wp-json\/wp\/v2\/tags?post=17008"}],"curies":[{"name":"wp","href":"https:\/\/api.w.org\/{rel}","templated":true}]}}