{"id":17004,"date":"2017-04-05T18:57:32","date_gmt":"2017-04-05T21:57:32","guid":{"rendered":"https:\/\/eldiariodesanpedro.com.ar\/sitio\/?p=17004"},"modified":"2017-04-05T18:57:32","modified_gmt":"2017-04-05T21:57:32","slug":"espionaje-el-intendente-de-chivilcoy-denuncio-un-grave-hecho-relacionado-con-arrecifes","status":"publish","type":"post","link":"https:\/\/eldiariodesanpedro.com.ar\/sitio\/espionaje-el-intendente-de-chivilcoy-denuncio-un-grave-hecho-relacionado-con-arrecifes\/","title":{"rendered":"ESPIONAJE: El intendente de Chivilcoy denunci\u00f3 un grave hecho relacionado con Arrecifes"},"content":{"rendered":"<p><!-- VideographyWP Plugin Message: Automatic video embedding prevented by plugin options. --><br \/>\nDurante el discurso de apertura de sesiones del Concejo Deliberante, el intendente Guillermo Britos dio a conocer un hecho que defini\u00f3 como \u201cgrav\u00edsimo\u201d y dijo que \u201cinvolucra a gente de Cambiemos, del Gobierno Nacional\u201d, haciendo referencia a que un publicista de Arrecifes denunci\u00f3 que funcionarios del Ministerio de Interior de la Naci\u00f3n le ofrecieron dinero para ingresar a las cuentas del Municipio, del propio intendente y de su familia.<\/p>\n<p>Al respecto relat\u00f3: \u201cHay una causa penal, que existe desde el 27 de diciembre, a partir de una denuncia de un particular, a quien no conozco, en la localidad de Arrecifes, que se est\u00e1 tramitando en la Unidad Funcional N\u00b0 3 de San Nicol\u00e1s, que refiere que es un publicista y fue visitado por dos directores del Ministerio de Interior, a quienes identifica con nombre y apellido, cargo y tel\u00e9fono, acompa\u00f1ado de otro dirigente de Vialidad y un dirigente pol\u00edtico de Arrecifes, que le fueron a ofrecer 500.000 pesos para que entre a las cuentas de nuestra Municipalidad, a mis cuentas personales y las de toda mi familia\u201d.<\/p>\n<p>\u201cReitero que es una denuncia penal que realiz\u00f3 un particular, a quien no conozco ni tampoco qui\u00e9nes son los denunciados. Estoy hablando de un tema muy grave. Parece que al macrismo, el tema del espionaje es un tema corriente. Espero a que la Justicia llegue a d\u00f3nde se tenga que llegar porque es grav\u00edsimo, porque involucra a las cuentas de la Municipalidad, las m\u00edas y las de mi familia, que desde noviembre a esta parte, varias veces tuvieron que cambiar las claves porque le han querido ingresar\u201d. (La Raz\u00f3n de Chivilcoy)<\/p>\n","protected":false},"excerpt":{"rendered":"<p>Durante el discurso de apertura de sesiones del Concejo Deliberante, el intendente Guillermo Britos dio a conocer un hecho que defini\u00f3 como \u201cgrav\u00edsimo\u201d y dijo que \u201cinvolucra a gente de Cambiemos, del Gobierno Nacional\u201d, haciendo referencia a que un publicista de Arrecifes denunci\u00f3 que funcionarios del Ministerio de Interior de la Naci\u00f3n le ofrecieron dinero [&hellip;]<\/p>\n","protected":false},"author":4,"featured_media":17006,"comment_status":"open","ping_status":"closed","sticky":false,"template":"","format":"standard","meta":{"om_disable_all_campaigns":false,"_jetpack_memberships_contains_paid_content":false,"footnotes":""},"categories":[621],"tags":[],"class_list":["post-17004","post","type-post","status-publish","format-standard","has-post-thumbnail","hentry","category-regionales"],"aioseo_notices":[],"gutentor_comment":0,"jetpack_featured_media_url":"https:\/\/eldiariodesanpedro.com.ar\/sitio\/wp-content\/uploads\/2017\/04\/Guillermo-Britos.jpg","jetpack_shortlink":"https:\/\/wp.me\/p6RhLt-4qg","jetpack_sharing_enabled":true,"_links":{"self":[{"href":"https:\/\/eldiariodesanpedro.com.ar\/sitio\/wp-json\/wp\/v2\/posts\/17004","targetHints":{"allow":["GET"]}}],"collection":[{"href":"https:\/\/eldiariodesanpedro.com.ar\/sitio\/wp-json\/wp\/v2\/posts"}],"about":[{"href":"https:\/\/eldiariodesanpedro.com.ar\/sitio\/wp-json\/wp\/v2\/types\/post"}],"author":[{"embeddable":true,"href":"https:\/\/eldiariodesanpedro.com.ar\/sitio\/wp-json\/wp\/v2\/users\/4"}],"replies":[{"embeddable":true,"href":"https:\/\/eldiariodesanpedro.com.ar\/sitio\/wp-json\/wp\/v2\/comments?post=17004"}],"version-history":[{"count":1,"href":"https:\/\/eldiariodesanpedro.com.ar\/sitio\/wp-json\/wp\/v2\/posts\/17004\/revisions"}],"predecessor-version":[{"id":17007,"href":"https:\/\/eldiariodesanpedro.com.ar\/sitio\/wp-json\/wp\/v2\/posts\/17004\/revisions\/17007"}],"wp:featuredmedia":[{"embeddable":true,"href":"https:\/\/eldiariodesanpedro.com.ar\/sitio\/wp-json\/wp\/v2\/media\/17006"}],"wp:attachment":[{"href":"https:\/\/eldiariodesanpedro.com.ar\/sitio\/wp-json\/wp\/v2\/media?parent=17004"}],"wp:term":[{"taxonomy":"category","embeddable":true,"href":"https:\/\/eldiariodesanpedro.com.ar\/sitio\/wp-json\/wp\/v2\/categories?post=17004"},{"taxonomy":"post_tag","embeddable":true,"href":"https:\/\/eldiariodesanpedro.com.ar\/sitio\/wp-json\/wp\/v2\/tags?post=17004"}],"curies":[{"name":"wp","href":"https:\/\/api.w.org\/{rel}","templated":true}]}}