{"id":17002,"date":"2017-04-05T18:52:41","date_gmt":"2017-04-05T21:52:41","guid":{"rendered":"https:\/\/eldiariodesanpedro.com.ar\/sitio\/?p=17002"},"modified":"2017-04-05T18:52:41","modified_gmt":"2017-04-05T21:52:41","slug":"pergamino-convocan-una-marcha-por-la-liberacion-de-los-seis-policias-detenidos","status":"publish","type":"post","link":"https:\/\/eldiariodesanpedro.com.ar\/sitio\/pergamino-convocan-una-marcha-por-la-liberacion-de-los-seis-policias-detenidos\/","title":{"rendered":"PERGAMINO: Convocan una marcha por la liberaci\u00f3n de los seis polic\u00edas detenidos"},"content":{"rendered":"<p><!-- VideographyWP Plugin Message: Automatic video embedding prevented by plugin options. --><br \/>\nFue convocada despu\u00e9s de que en la jornada de ayer el juez de garant\u00edas Cesar Alejandro Solazzi hiciera lugar al pedido del fiscal Nelson Mastorchio y ordenara la detenci\u00f3n de seis polic\u00edas bonaerenses por el incendio en la comisar\u00eda de Pergamino.<\/p>\n<p>Desde la noche de  ayer comenz\u00f3 a circular por las redes  sociales la convocatoria para el viernes 7\/4, 18:30hs en Av. de Mayo y San Nicol\u00e1s, para reclamar por la liberaci\u00f3n y en apoyo a sus compa\u00f1eros.<\/p>\n<p>Los polic\u00edas, que estaban de servicio el d\u00eda de la tragedia, est\u00e1n acusados por el delito de abandono de persona seguido de muerte.<\/p>\n<p>La lista de imputados incluye al comisario Sebasti\u00e1n Alberto Donza, el Sargento Brian Carrizo, el teniente Primero Sergio Rodas, el Oficial Sub Ayudante Alexis Miguel Eva, la ayudante de Guardia Carolina Denise Guevara y Mat\u00edas Ezequiel Giulietti. <\/p>\n<p>El fiscal Mastorchio bas\u00f3 la imputaci\u00f3n en la declaraci\u00f3n de los detenidos que sobrevivieron a la masacre, de los bomberos voluntarios que apagaron el fuego y de una serie de peritajes que llevaron adelante la Divisi\u00f3n de Bomberos y Escena del Crimen de la Polic\u00eda Federal.<\/p>\n<p>Los bomberos encontraron los cuerpos de Sergio Filiberto, Federico Perrota, Alan C\u00f3rdoba, Franco Pizarro, Jhon Mario Chilito Claros, Juan Carlos \u201cNoni\u201d Cabrera y Fernando Nahuel Latorre apilados en el ba\u00f1o. Las autopsias confirmaron que murieron por inhalaci\u00f3n de mon\u00f3xido de carbono. (http:\/\/www.pergaminoverdad.com.ar)<\/p>\n","protected":false},"excerpt":{"rendered":"<p>Fue convocada despu\u00e9s de que en la jornada de ayer el juez de garant\u00edas Cesar Alejandro Solazzi hiciera lugar al pedido del fiscal Nelson Mastorchio y ordenara la detenci\u00f3n de seis polic\u00edas bonaerenses por el incendio en la comisar\u00eda de Pergamino. Desde la noche de ayer comenz\u00f3 a circular por las redes sociales la convocatoria [&hellip;]<\/p>\n","protected":false},"author":4,"featured_media":17003,"comment_status":"open","ping_status":"closed","sticky":false,"template":"","format":"standard","meta":{"om_disable_all_campaigns":false,"_jetpack_memberships_contains_paid_content":false,"footnotes":""},"categories":[621],"tags":[],"class_list":["post-17002","post","type-post","status-publish","format-standard","has-post-thumbnail","hentry","category-regionales"],"aioseo_notices":[],"gutentor_comment":0,"jetpack_featured_media_url":"https:\/\/eldiariodesanpedro.com.ar\/sitio\/wp-content\/uploads\/2017\/04\/marcha-liberacion-policias.jpg","jetpack_shortlink":"https:\/\/wp.me\/p6RhLt-4qe","jetpack_sharing_enabled":true,"_links":{"self":[{"href":"https:\/\/eldiariodesanpedro.com.ar\/sitio\/wp-json\/wp\/v2\/posts\/17002","targetHints":{"allow":["GET"]}}],"collection":[{"href":"https:\/\/eldiariodesanpedro.com.ar\/sitio\/wp-json\/wp\/v2\/posts"}],"about":[{"href":"https:\/\/eldiariodesanpedro.com.ar\/sitio\/wp-json\/wp\/v2\/types\/post"}],"author":[{"embeddable":true,"href":"https:\/\/eldiariodesanpedro.com.ar\/sitio\/wp-json\/wp\/v2\/users\/4"}],"replies":[{"embeddable":true,"href":"https:\/\/eldiariodesanpedro.com.ar\/sitio\/wp-json\/wp\/v2\/comments?post=17002"}],"version-history":[{"count":1,"href":"https:\/\/eldiariodesanpedro.com.ar\/sitio\/wp-json\/wp\/v2\/posts\/17002\/revisions"}],"predecessor-version":[{"id":17005,"href":"https:\/\/eldiariodesanpedro.com.ar\/sitio\/wp-json\/wp\/v2\/posts\/17002\/revisions\/17005"}],"wp:featuredmedia":[{"embeddable":true,"href":"https:\/\/eldiariodesanpedro.com.ar\/sitio\/wp-json\/wp\/v2\/media\/17003"}],"wp:attachment":[{"href":"https:\/\/eldiariodesanpedro.com.ar\/sitio\/wp-json\/wp\/v2\/media?parent=17002"}],"wp:term":[{"taxonomy":"category","embeddable":true,"href":"https:\/\/eldiariodesanpedro.com.ar\/sitio\/wp-json\/wp\/v2\/categories?post=17002"},{"taxonomy":"post_tag","embeddable":true,"href":"https:\/\/eldiariodesanpedro.com.ar\/sitio\/wp-json\/wp\/v2\/tags?post=17002"}],"curies":[{"name":"wp","href":"https:\/\/api.w.org\/{rel}","templated":true}]}}