{"id":16997,"date":"2017-04-05T18:45:06","date_gmt":"2017-04-05T21:45:06","guid":{"rendered":"https:\/\/eldiariodesanpedro.com.ar\/sitio\/?p=16997"},"modified":"2017-04-05T18:54:48","modified_gmt":"2017-04-05T21:54:48","slug":"efectivos-policiales-evitaron-que-un-delincuente-se-quitara-la-vida","status":"publish","type":"post","link":"https:\/\/eldiariodesanpedro.com.ar\/sitio\/efectivos-policiales-evitaron-que-un-delincuente-se-quitara-la-vida\/","title":{"rendered":"Efectivos policiales evitaron que un delincuente se quitara la vida"},"content":{"rendered":"<p><!-- VideographyWP Plugin Message: Automatic video embedding prevented by plugin options. --><br \/>\nEl malvivientes que se hallaba alojado en la dependencia local, pretend\u00eda ahorcarse con una remera, el s\u00e1bado pasado. El imaginaria que ten\u00eda a cargo la custodia del calabazo advirti\u00f3 la maniobra. R\u00e1pidamente junto con otros efectivos policiales realizaron la maniobra para poder sacar a la persona del lugar. La r\u00e1pida acci\u00f3n evit\u00f3 que el sujeto pudiera concretar su cometido.<\/p>\n<p>En tanto que una ambulancia del Servicio de Emergencias 107 arrib\u00f3 al lugar para trasladarlo al Hospital para constar que no se haya hecho ning\u00fan da\u00f1o, cosa que finalmente pudo ser confirmado tras la revisi\u00f3n m\u00e9dica.<br \/>\nSe labraron actuaciones por tentativa de suicidio.<\/p>\n","protected":false},"excerpt":{"rendered":"<p>El malvivientes que se hallaba alojado en la dependencia local, pretend\u00eda ahorcarse con una remera, el s\u00e1bado pasado. El imaginaria que ten\u00eda a cargo la custodia del calabazo advirti\u00f3 la maniobra. R\u00e1pidamente junto con otros efectivos policiales realizaron la maniobra para poder sacar a la persona del lugar. La r\u00e1pida acci\u00f3n evit\u00f3 que el sujeto [&hellip;]<\/p>\n","protected":false},"author":4,"featured_media":16985,"comment_status":"open","ping_status":"closed","sticky":false,"template":"","format":"standard","meta":{"om_disable_all_campaigns":false,"_jetpack_memberships_contains_paid_content":false,"footnotes":""},"categories":[50,2,103],"tags":[],"class_list":["post-16997","post","type-post","status-publish","format-standard","has-post-thumbnail","hentry","category-destacadas","category-locales","category-policiales-locales"],"aioseo_notices":[],"gutentor_comment":0,"jetpack_featured_media_url":"https:\/\/eldiariodesanpedro.com.ar\/sitio\/wp-content\/uploads\/2017\/04\/DSC_0218-e1491428995946.jpg","jetpack_shortlink":"https:\/\/wp.me\/p6RhLt-4q9","jetpack_sharing_enabled":true,"_links":{"self":[{"href":"https:\/\/eldiariodesanpedro.com.ar\/sitio\/wp-json\/wp\/v2\/posts\/16997","targetHints":{"allow":["GET"]}}],"collection":[{"href":"https:\/\/eldiariodesanpedro.com.ar\/sitio\/wp-json\/wp\/v2\/posts"}],"about":[{"href":"https:\/\/eldiariodesanpedro.com.ar\/sitio\/wp-json\/wp\/v2\/types\/post"}],"author":[{"embeddable":true,"href":"https:\/\/eldiariodesanpedro.com.ar\/sitio\/wp-json\/wp\/v2\/users\/4"}],"replies":[{"embeddable":true,"href":"https:\/\/eldiariodesanpedro.com.ar\/sitio\/wp-json\/wp\/v2\/comments?post=16997"}],"version-history":[{"count":1,"href":"https:\/\/eldiariodesanpedro.com.ar\/sitio\/wp-json\/wp\/v2\/posts\/16997\/revisions"}],"predecessor-version":[{"id":16998,"href":"https:\/\/eldiariodesanpedro.com.ar\/sitio\/wp-json\/wp\/v2\/posts\/16997\/revisions\/16998"}],"wp:featuredmedia":[{"embeddable":true,"href":"https:\/\/eldiariodesanpedro.com.ar\/sitio\/wp-json\/wp\/v2\/media\/16985"}],"wp:attachment":[{"href":"https:\/\/eldiariodesanpedro.com.ar\/sitio\/wp-json\/wp\/v2\/media?parent=16997"}],"wp:term":[{"taxonomy":"category","embeddable":true,"href":"https:\/\/eldiariodesanpedro.com.ar\/sitio\/wp-json\/wp\/v2\/categories?post=16997"},{"taxonomy":"post_tag","embeddable":true,"href":"https:\/\/eldiariodesanpedro.com.ar\/sitio\/wp-json\/wp\/v2\/tags?post=16997"}],"curies":[{"name":"wp","href":"https:\/\/api.w.org\/{rel}","templated":true}]}}